{"id":12929,"date":"2023-06-09T19:56:37","date_gmt":"2023-06-09T23:56:37","guid":{"rendered":"https:\/\/www.semanariolocal.cl\/?p=12929"},"modified":"2023-06-09T20:51:00","modified_gmt":"2023-06-10T00:51:00","slug":"municipio-y-universidad-de-los-lagos-abren-en-osorno-clinica-juridica-comunitaria","status":"publish","type":"post","link":"https:\/\/www.semanariolocal.cl\/?p=12929","title":{"rendered":"Municipio y Universidad de los Lagos abren en Osorno Cl\u00ednica Jur\u00eddica Comunitaria"},"content":{"rendered":"\n<p>Esta cl\u00ednica jur\u00eddica es fruto del convenio entre la Municipalidad de Osorno y la Universidad de Los Lagos, y surge bajo&nbsp;el objetivo de apoyar a los vecinos de la ciudad, asesor\u00e1ndolos en temas legales referidos al derecho de familia y civil.<\/p>\n\n\n\n<p>El alcalde Emeterio Carrillo explic\u00f3 que en el \u00faltimo a\u00f1o ha sido cada vez m\u00e1s recurrente la solicitud de apoyo por parte de usuarios que llegan al municipio con la esperanza de ser asesorados en materia jur\u00eddica ante las problem\u00e1ticas que los afectan,&nbsp;\u201cpor ello es que era necesario encontrar un aliado, como la Universidad de Los Lagos, quienes trabajar\u00e1n al servicio de la comunidad y sin costo para los vecinos\u201d.<\/p>\n\n\n\n<p>El servicio estar\u00e1 a cargo de alumnos de quinto a\u00f1o de la carrera de Derecho de la Universidad de Los Lagos, quienes ser\u00e1n supervisados por dos profesores abogados de dicha Casa de Estudios Superiores, mientras que el municipio de Osorno dispuso del lugar y equipamiento tecnol\u00f3gico para una atenci\u00f3n integral.<\/p>\n\n\n\n<p>En este sentido, el rector de la ULA, \u00d3scar Garrido, manifest\u00f3 que esta cl\u00ednica emerge desde la necesidad visualizada por el municipio, de reforzar la asistencia jur\u00eddica en la comuna,&nbsp;\u201cun espacio que les permitir\u00e1 tambi\u00e9n a los alumnos de derecho ampliar sus conocimientos y competencias humanas que van m\u00e1s all\u00e1 de lo puramente jur\u00eddico\u201d.&nbsp;&nbsp;Entre las problem\u00e1ticas legales que se asistir\u00e1 est\u00e1n las posesiones efectivas, juicios de arriendo, solicitudes de cambio de nombre, divorcios, reclamaci\u00f3n de filiaci\u00f3n paterna, pensi\u00f3n de alimentos y demandas de r\u00e9gimen comunicacional por padre o madre no custodio, entre otras.<\/p>\n","protected":false},"excerpt":{"rendered":"<p>La oficina ofrece orientaci\u00f3n legal gratuita a personas de escasos recursos, y est\u00e1 ubicada en las dependencias del municipio osornino en calle Amthauer #933. Atiende de lunes a jueves, en horario de 9:00 a 13:00 horas.<\/p>\n","protected":false},"author":1,"featured_media":12930,"comment_status":"closed","ping_status":"closed","sticky":false,"template":"","format":"standard","meta":{"footnotes":""},"categories":[3],"tags":[1435,276,337,485,273,86,132,247,133,297],"class_list":["post-12929","post","type-post","status-publish","format-standard","has-post-thumbnail","hentry","category-al-dia","tag-alcalde-de-osorno","tag-emeterio-carrillo","tag-informacion","tag-municipalidad-de-osorno","tag-noticias","tag-oscar-garrido","tag-osorno","tag-region-de-los-lagos","tag-semanario-local","tag-universidad-de-los-lagos"],"_links":{"self":[{"href":"https:\/\/www.semanariolocal.cl\/index.php?rest_route=\/wp\/v2\/posts\/12929","targetHints":{"allow":["GET"]}}],"collection":[{"href":"https:\/\/www.semanariolocal.cl\/index.php?rest_route=\/wp\/v2\/posts"}],"about":[{"href":"https:\/\/www.semanariolocal.cl\/index.php?rest_route=\/wp\/v2\/types\/post"}],"author":[{"embeddable":true,"href":"https:\/\/www.semanariolocal.cl\/index.php?rest_route=\/wp\/v2\/users\/1"}],"replies":[{"embeddable":true,"href":"https:\/\/www.semanariolocal.cl\/index.php?rest_route=%2Fwp%2Fv2%2Fcomments&post=12929"}],"version-history":[{"count":2,"href":"https:\/\/www.semanariolocal.cl\/index.php?rest_route=\/wp\/v2\/posts\/12929\/revisions"}],"predecessor-version":[{"id":12938,"href":"https:\/\/www.semanariolocal.cl\/index.php?rest_route=\/wp\/v2\/posts\/12929\/revisions\/12938"}],"wp:featuredmedia":[{"embeddable":true,"href":"https:\/\/www.semanariolocal.cl\/index.php?rest_route=\/wp\/v2\/media\/12930"}],"wp:attachment":[{"href":"https:\/\/www.semanariolocal.cl\/index.php?rest_route=%2Fwp%2Fv2%2Fmedia&parent=12929"}],"wp:term":[{"taxonomy":"category","embeddable":true,"href":"https:\/\/www.semanariolocal.cl\/index.php?rest_route=%2Fwp%2Fv2%2Fcategories&post=12929"},{"taxonomy":"post_tag","embeddable":true,"href":"https:\/\/www.semanariolocal.cl\/index.php?rest_route=%2Fwp%2Fv2%2Ftags&post=12929"}],"curies":[{"name":"wp","href":"https:\/\/api.w.org\/{rel}","templated":true}]}}