{"id":12628,"date":"2023-05-26T21:12:18","date_gmt":"2023-05-27T01:12:18","guid":{"rendered":"https:\/\/www.semanariolocal.cl\/?p=12628"},"modified":"2023-05-26T21:12:19","modified_gmt":"2023-05-27T01:12:19","slug":"daem-informa-suspension-de-clases-para-este-lunes-29-de-mayo","status":"publish","type":"post","link":"https:\/\/www.semanariolocal.cl\/?p=12628","title":{"rendered":"Daem informa suspensi\u00f3n de clases para este lunes 29 de mayo"},"content":{"rendered":"\n<p>Este lunes 29 de mayo, los 40 establecimientos de ense\u00f1anza B\u00e1sica y Media Municipal de Osorno, ver\u00e1n suspendida la jornada habitual de clases, por jornada de capacitaci\u00f3n de docentes. Acci\u00f3n coordinada entre el Departamento de Administraci\u00f3n de la Educaci\u00f3n Municipal (DAEM) y el Colegio de Profesores de Osorno.<\/p>\n\n\n\n<p>Se trata de una jornada de Capacitaci\u00f3n y Reflexi\u00f3n Pedag\u00f3gica Orientada a Profesores y Profesoras en Ejercicio, se\u00f1al\u00f3 el jefe de Daem Osorno, Mauricio Guti\u00e9rrez, quien a\u00f1adi\u00f3 que \u201c<strong><em>estas acciones van en miras del compromiso de la actual gesti\u00f3n edilicia, por brindar espacios que permitan obtener nuevas experiencias y conocimiento que va en directo beneficio de las comunidades escolares<\/em><\/strong>\u201d.<\/p>\n\n\n\n<p>Por lo anterior, dijo Guti\u00e9rrez, \u201c<strong><em>se ha coordinado la actividad pensando en la totalidad de los pedagogos, la cual ser\u00e1 ejecutada en una sola jornada a fin de priorizar el curr\u00edculum escolar, por lo que la suspensi\u00f3n corresponde a un solo d\u00eda, el lunes 29 de mayo, tras lo cual se retoman de forma normal las clases, el martes 30<\/em><\/strong>\u201d.<\/p>\n\n\n\n<p>En este sentido, mencionar que la capacitaci\u00f3n orientada a Profesores y Profesoras en Ejercicio, coordinada entre el Colegio de Profesores de Osorno, con el auspicio de la Ilustre Municipalidad de Osorno, reunir\u00e1 a todos los docentes de las 40 Escuelas, Liceos e Institutos Municipales, a partir de las 8:00 horas en dependencias del Liceo Eleuterio Ram\u00edrez.<\/p>\n","protected":false},"excerpt":{"rendered":"<p>Instancia que cada establecimiento municipalizado de Osorno, comunic\u00f3 respectivamente a sus apoderados.<\/p>\n","protected":false},"author":1,"featured_media":12629,"comment_status":"closed","ping_status":"closed","sticky":false,"template":"","format":"standard","meta":{"footnotes":""},"categories":[3],"tags":[337,273,132,247,133],"class_list":["post-12628","post","type-post","status-publish","format-standard","has-post-thumbnail","hentry","category-al-dia","tag-informacion","tag-noticias","tag-osorno","tag-region-de-los-lagos","tag-semanario-local"],"_links":{"self":[{"href":"https:\/\/www.semanariolocal.cl\/index.php?rest_route=\/wp\/v2\/posts\/12628","targetHints":{"allow":["GET"]}}],"collection":[{"href":"https:\/\/www.semanariolocal.cl\/index.php?rest_route=\/wp\/v2\/posts"}],"about":[{"href":"https:\/\/www.semanariolocal.cl\/index.php?rest_route=\/wp\/v2\/types\/post"}],"author":[{"embeddable":true,"href":"https:\/\/www.semanariolocal.cl\/index.php?rest_route=\/wp\/v2\/users\/1"}],"replies":[{"embeddable":true,"href":"https:\/\/www.semanariolocal.cl\/index.php?rest_route=%2Fwp%2Fv2%2Fcomments&post=12628"}],"version-history":[{"count":1,"href":"https:\/\/www.semanariolocal.cl\/index.php?rest_route=\/wp\/v2\/posts\/12628\/revisions"}],"predecessor-version":[{"id":12630,"href":"https:\/\/www.semanariolocal.cl\/index.php?rest_route=\/wp\/v2\/posts\/12628\/revisions\/12630"}],"wp:featuredmedia":[{"embeddable":true,"href":"https:\/\/www.semanariolocal.cl\/index.php?rest_route=\/wp\/v2\/media\/12629"}],"wp:attachment":[{"href":"https:\/\/www.semanariolocal.cl\/index.php?rest_route=%2Fwp%2Fv2%2Fmedia&parent=12628"}],"wp:term":[{"taxonomy":"category","embeddable":true,"href":"https:\/\/www.semanariolocal.cl\/index.php?rest_route=%2Fwp%2Fv2%2Fcategories&post=12628"},{"taxonomy":"post_tag","embeddable":true,"href":"https:\/\/www.semanariolocal.cl\/index.php?rest_route=%2Fwp%2Fv2%2Ftags&post=12628"}],"curies":[{"name":"wp","href":"https:\/\/api.w.org\/{rel}","templated":true}]}}