{"id":12624,"date":"2023-05-26T18:51:24","date_gmt":"2023-05-26T22:51:24","guid":{"rendered":"https:\/\/www.semanariolocal.cl\/?p=12624"},"modified":"2023-05-26T18:53:58","modified_gmt":"2023-05-26T22:53:58","slug":"santo-tomas-osorno-supero-las-1000-atenciones-en-operacion-renta-2023","status":"publish","type":"post","link":"https:\/\/www.semanariolocal.cl\/?p=12624","title":{"rendered":"Santo Tom\u00e1s Osorno super\u00f3 las 1000 atenciones en Operaci\u00f3n Renta 2023"},"content":{"rendered":"\n<p>Las consultas solucionadas en el proceso de Operaci\u00f3n Renta AT 2023, alcanz\u00f3 a acumular m\u00e1s de mil atenciones a la ciudadan\u00eda a trav\u00e9s de un apoyo completamente gratuito. La iniciativa se desarrolla hace 8 a\u00f1os gracias a un convenio entre ambas entidades, descongestionando las oficinas del SII y ayudando a las personas a realizar sus tr\u00e1mites de devoluci\u00f3n de impuestos, entre otras consultas que realizan.<\/p>\n\n\n\n<p>En respuesta a esto, los estudiantes de las carreras Contador Auditor, Ingenier\u00eda de Ejecuci\u00f3n en Administraci\u00f3n y T\u00e9cnico en Administraci\u00f3n, del IP y CFT Santo Tom\u00e1s de Osorno, recibieron sus certificados tras haber apoyado este a\u00f1o a todos quienes necesitaban asesor\u00eda o asistencia en el Proceso de Operaci\u00f3n Renta.<\/p>\n\n\n\n<p>Esta actividad tuvo como prop\u00f3sito orientar y resolver inquietudes de los contribuyentes en este proceso y facilit\u00f3, adem\u00e1s, la vinculaci\u00f3n de los estudiantes del \u00c1rea de Administraci\u00f3n con el mundo laboral, permitiendo a trav\u00e9s de este espacio desarrollar y poner a disposici\u00f3n de la comunidad sus conocimientos en un tema habitual para los ciudadanos.<\/p>\n\n\n\n<p>Para el rector de las Instituciones de Educaci\u00f3n Superior Santo Tom\u00e1s Osorno, Eugenio Larra\u00edn Hern\u00e1ndez, esta alianza significa \u201cun convenio muy relevante porque se enfoca en el desarrollo y pr\u00e1ctica del conocimiento de los estudiantes en beneficio de la comunidad y en apoyo a las labores del SII en el marco de la operaci\u00f3n renta 2023. Este a\u00f1o alcanzamos una importante cifra, lo que indica que hay m\u00e1s usuarios que vienen a la sede a realizar esta declaraci\u00f3n con apoyo de estudiantes, docentes y un supervisor de Impuestos Internos, por lo tanto, la vinculaci\u00f3n que tienen con la comunidad y lo que est\u00e1n entregando en la declaraci\u00f3n de la renta, es un tema fundamental y es parte de nuestra vinculaci\u00f3n con la comunidad\u201d.<\/p>\n\n\n\n<p>Por otra parte, el jefe de unidad Servicios Impuestos Internos Osorno, Juan Almonacid, se mostr\u00f3 satisfecho con esta alianza porque \u201ces importante para ambas partes, ya que se present\u00f3 un escenario donde los alumnos se vincularon con la comunidad y nos ayudaron a prestar un mejor servicio\u201d.<\/p>\n\n\n\n<p>Entre el p\u00fablico destaca la opini\u00f3n de Juan Carlos Aburto, quien al igual que muchos sostuvo que \u00abdesde el primer momento que llegu\u00e9 a Santo Tom\u00e1s me atendieron muy bien. La excelente atenci\u00f3n ayud\u00f3 a despejar mis dudas porque me explicaron todo el proceso de manera detallada. Agradezco al personal de Santo Tom\u00e1s Osorno y a los funcionarios de Servicio de Impuestos Internos, por lo que recomiendo que vengan a hacer sus tr\u00e1mites en Santo Tom\u00e1s\u00bb.<\/p>\n","protected":false},"excerpt":{"rendered":"<p>La Operaci\u00f3n Renta AT 2023, realizado entre el IP y CFT Santo Tom\u00e1s Osorno y el SII, alcanz\u00f3 una importante cifra: m\u00e1s de mil atenciones a la ciudadan\u00eda. Los estudiantes del \u00e1rea de Administraci\u00f3n fueron certificados tras haber aportado sus conocimientos durante el proceso.<\/p>\n","protected":false},"author":1,"featured_media":12625,"comment_status":"closed","ping_status":"closed","sticky":false,"template":"","format":"standard","meta":{"footnotes":""},"categories":[3],"tags":[337,273,132,247,133],"class_list":["post-12624","post","type-post","status-publish","format-standard","has-post-thumbnail","hentry","category-al-dia","tag-informacion","tag-noticias","tag-osorno","tag-region-de-los-lagos","tag-semanario-local"],"_links":{"self":[{"href":"https:\/\/www.semanariolocal.cl\/index.php?rest_route=\/wp\/v2\/posts\/12624","targetHints":{"allow":["GET"]}}],"collection":[{"href":"https:\/\/www.semanariolocal.cl\/index.php?rest_route=\/wp\/v2\/posts"}],"about":[{"href":"https:\/\/www.semanariolocal.cl\/index.php?rest_route=\/wp\/v2\/types\/post"}],"author":[{"embeddable":true,"href":"https:\/\/www.semanariolocal.cl\/index.php?rest_route=\/wp\/v2\/users\/1"}],"replies":[{"embeddable":true,"href":"https:\/\/www.semanariolocal.cl\/index.php?rest_route=%2Fwp%2Fv2%2Fcomments&post=12624"}],"version-history":[{"count":2,"href":"https:\/\/www.semanariolocal.cl\/index.php?rest_route=\/wp\/v2\/posts\/12624\/revisions"}],"predecessor-version":[{"id":12627,"href":"https:\/\/www.semanariolocal.cl\/index.php?rest_route=\/wp\/v2\/posts\/12624\/revisions\/12627"}],"wp:featuredmedia":[{"embeddable":true,"href":"https:\/\/www.semanariolocal.cl\/index.php?rest_route=\/wp\/v2\/media\/12625"}],"wp:attachment":[{"href":"https:\/\/www.semanariolocal.cl\/index.php?rest_route=%2Fwp%2Fv2%2Fmedia&parent=12624"}],"wp:term":[{"taxonomy":"category","embeddable":true,"href":"https:\/\/www.semanariolocal.cl\/index.php?rest_route=%2Fwp%2Fv2%2Fcategories&post=12624"},{"taxonomy":"post_tag","embeddable":true,"href":"https:\/\/www.semanariolocal.cl\/index.php?rest_route=%2Fwp%2Fv2%2Ftags&post=12624"}],"curies":[{"name":"wp","href":"https:\/\/api.w.org\/{rel}","templated":true}]}}