{"id":12616,"date":"2023-05-25T23:50:00","date_gmt":"2023-05-26T03:50:00","guid":{"rendered":"https:\/\/www.semanariolocal.cl\/?p=12616"},"modified":"2023-05-26T12:56:27","modified_gmt":"2023-05-26T16:56:27","slug":"fedefruta-destaca-rango-constitucional-dado-a-derechos-de-aguas-en-la-comision-experta","status":"publish","type":"post","link":"https:\/\/www.semanariolocal.cl\/?p=12616","title":{"rendered":"Fedefruta destaca \u00abrango constitucional\u00bb dado a derechos de Aguas en la Comisi\u00f3n Experta"},"content":{"rendered":"\n<p>Derecho a desarrollar cualquier actividad econ\u00f3mica, constitucionalizaci\u00f3n del nuevo C\u00f3digo de Aguas como marco que regir\u00e1 la gesti\u00f3n de este recurso, el reconocimiento de los derechos de aprovechamiento para el uso y goce del agua, y la prioridad para el consumo humano y uso dom\u00e9stico, son los grandes acuerdos que destaca la Federaci\u00f3n de Productores de Frutas de Chile (Fedefruta), de los art\u00edculos aprobados hoy en particular, por parte de la Comisi\u00f3n Experta del nuevo proceso constitucional.&nbsp;<\/p>\n\n\n\n<p>Casi todos estos art\u00edculos, propuestos por la subcomisi\u00f3n de Derechos Econ\u00f3micos, Sociales, Culturales y Ambientales a votaci\u00f3n, fueron aprobados de manera un\u00e1nime, \u00abcon art\u00edculos que entregan una claridad que no hab\u00edamos observado en el proceso anterior\u00bb, dijo el presidente de Fedefruta, Jorge Valenzuela Trebilcock.&nbsp;<\/p>\n\n\n\n<p>El sector productivo del mundo rural y de la fruta, espera que la discusi\u00f3n sobre el uso del agua en la nueva Constituci\u00f3n se mantenga en estos marcos, afirm\u00f3 el representante de los productores frut\u00edcolas. \u00abTenemos un C\u00f3digo de Aguas actual que se hace cargo de la sequ\u00eda, de la escasez h\u00eddrica, y del uso responsable en un contexto de disponibilidad adversa como el de hoy, por lo que considerar como base las normas establecidas en el nuevo C\u00f3digo de Aguas, aprobado con amplio respaldo en el Congreso y firmado por el presidente Gabriel Boric, es una alternativa del todo razonable y que entrega much\u00edsima claridad cuando parta el trabajo de los consejeros electos\u00bb.&nbsp;<\/p>\n\n\n\n<p>El presidente de Fedefruta valor\u00f3 tambi\u00e9n que se entregara una certeza con respecto a los derechos de aprovechamiento, pero tambi\u00e9n explicitando que las aguas, en cualquiera de sus estados, son bienes nacionales de uso p\u00fablico. \u00abComo pa\u00eds debemos ser tremendamente responsables con algo tan escaso como el agua, y estos acuerdos nos pueden llevar por el camino indicado\u00bb, agreg\u00f3 Valenzuela, concluyendo que Fedefruta participar\u00e1 en el proceso de los consejeros constitucionales para dar a entender las mejores opciones, con el fin de ayudar a preservar el recurso y asegurarlo para la actual y futuras generaciones, como mandata el anteproyecto constitucional.&nbsp;<\/p>\n\n\n\n<p>Por \u00faltimo, Jorge Valenzuela celebr\u00f3 el art\u00edculo aprobado sobre el derecho a desarrollar cualquier actividad econ\u00f3mica, \u00ablo que es b\u00e1sico para la din\u00e1mica y bienestar de todas las personas, y naturalmente del mundo rural donde hay todo un ecosistema de colaboraci\u00f3n y de trabajo para sacar las cosas adelante\u00bb<\/p>\n\n\n\n<p>Art\u00edculos aprobados en particular por el pleno de la Comisi\u00f3n Experta:<\/p>\n\n\n\n<ul class=\"wp-block-list\">\n<li>El derecho al agua y al saneamiento, de conformidad a la ley. Es deber del Estado garantizar este derecho a las generaciones actuales y futuras. (22 que pas\u00f3 a ser 24) Prevalecer\u00e1 su uso para el consumo humano y para el uso dom\u00e9stico suficiente.<\/li>\n\n\n\n<li>i) Las aguas, en cualquiera de sus estados, son bienes nacionales de uso p\u00fablico. En consecuencia, su dominio y uso pertenece a todos los habitantes de la naci\u00f3n. En funci\u00f3n del inter\u00e9s p\u00fablico se constituir\u00e1n derechos de aprovechamiento sobre las aguas, los que podr\u00e1n ser limitados en su ejercicio, de conformidad con la ley. El derecho de aprovechamiento es un derecho real que recae sobre las aguas que confiere a su titular el uso y goce de ellas, de conformidad con las reglas, temporalidad, requisitos y limitaciones que prescribe la ley.<\/li>\n\n\n\n<li>Art\u00edculo tercero transitorio. Los derechos de aprovechamiento de aguas constituidos, reconocidos o regularizados desde la entrada en vigencia de la ley N\u00b021.435 se regir\u00e1n por las normas establecidas en el C\u00f3digo de Aguas. Los derechos<\/li>\n\n\n\n<li>de aprovechamiento de aguas constituidos, reconocidos o regularizados con anterioridad a la publicaci\u00f3n de dicha ley, se regir\u00e1n por el art\u00edculo primero transitorio de la misma.<\/li>\n\n\n\n<li>El derecho a desarrollar cualquiera actividad econ\u00f3mica que no sea contraria a la salud p\u00fablica, al orden p\u00fablico, o la seguridad de la Naci\u00f3n, en conformidad a la ley. Una ley de quorum calificado podr\u00e1 autorizar al Estado y sus organismos para desarrollar actividades empresariales o participar en ellas. Estas actividades estar\u00e1n sometidas a la legislaci\u00f3n com\u00fan aplicable a los particulares, sin perjuicio de las excepciones que, por motivos justificados, establezca dicha ley.<\/li>\n<\/ul>\n","protected":false},"excerpt":{"rendered":"<p>El sector productivo del mundo rural y de la fruta, espera que la discusi\u00f3n sobre el uso del agua en la nueva Constituci\u00f3n se mantenga en estos marcos, afirm\u00f3 el representante de los productores frut\u00edcolas.<\/p>\n","protected":false},"author":1,"featured_media":12617,"comment_status":"closed","ping_status":"closed","sticky":false,"template":"","format":"standard","meta":{"footnotes":""},"categories":[3],"tags":[337,273,132,247,133],"class_list":["post-12616","post","type-post","status-publish","format-standard","has-post-thumbnail","hentry","category-al-dia","tag-informacion","tag-noticias","tag-osorno","tag-region-de-los-lagos","tag-semanario-local"],"_links":{"self":[{"href":"https:\/\/www.semanariolocal.cl\/index.php?rest_route=\/wp\/v2\/posts\/12616","targetHints":{"allow":["GET"]}}],"collection":[{"href":"https:\/\/www.semanariolocal.cl\/index.php?rest_route=\/wp\/v2\/posts"}],"about":[{"href":"https:\/\/www.semanariolocal.cl\/index.php?rest_route=\/wp\/v2\/types\/post"}],"author":[{"embeddable":true,"href":"https:\/\/www.semanariolocal.cl\/index.php?rest_route=\/wp\/v2\/users\/1"}],"replies":[{"embeddable":true,"href":"https:\/\/www.semanariolocal.cl\/index.php?rest_route=%2Fwp%2Fv2%2Fcomments&post=12616"}],"version-history":[{"count":1,"href":"https:\/\/www.semanariolocal.cl\/index.php?rest_route=\/wp\/v2\/posts\/12616\/revisions"}],"predecessor-version":[{"id":12618,"href":"https:\/\/www.semanariolocal.cl\/index.php?rest_route=\/wp\/v2\/posts\/12616\/revisions\/12618"}],"wp:featuredmedia":[{"embeddable":true,"href":"https:\/\/www.semanariolocal.cl\/index.php?rest_route=\/wp\/v2\/media\/12617"}],"wp:attachment":[{"href":"https:\/\/www.semanariolocal.cl\/index.php?rest_route=%2Fwp%2Fv2%2Fmedia&parent=12616"}],"wp:term":[{"taxonomy":"category","embeddable":true,"href":"https:\/\/www.semanariolocal.cl\/index.php?rest_route=%2Fwp%2Fv2%2Fcategories&post=12616"},{"taxonomy":"post_tag","embeddable":true,"href":"https:\/\/www.semanariolocal.cl\/index.php?rest_route=%2Fwp%2Fv2%2Ftags&post=12616"}],"curies":[{"name":"wp","href":"https:\/\/api.w.org\/{rel}","templated":true}]}}