{"id":12611,"date":"2023-05-26T12:44:52","date_gmt":"2023-05-26T16:44:52","guid":{"rendered":"https:\/\/www.semanariolocal.cl\/?p=12611"},"modified":"2023-05-26T12:44:53","modified_gmt":"2023-05-26T16:44:53","slug":"estudio-del-sernac-indica-que-postventas-es-principal-debilidad-del-comercio-electronico","status":"publish","type":"post","link":"https:\/\/www.semanariolocal.cl\/?p=12611","title":{"rendered":"Estudio del Sernac indica que postventas es principal debilidad del comercio electr\u00f3nico"},"content":{"rendered":"\n<p>SERNAC realiz\u00f3 un estudio para conocer los principales problemas que afectan a los consumidores que utilizan el comercio electr\u00f3nico, concluyendo que un 65% de los reclamos apuntan a problemas en la etapa de postventa de productos y servicios. En la Regi\u00f3n de Los Lagos corresponde a un 63,6% mientras que otro 21,4% se refieren a retardo en la entrega.<\/p>\n\n\n\n<p>El Director Regional, Osvaldo Emhart, &nbsp;dio a conocer los alcances de este an\u00e1lisis nacional, resaltando los problemas que aquejan a los consumidores que utilizan el comercio electr\u00f3nico y recalcando que \u2013de acuerdo a lo informado por el Director Nacional, Andr\u00e9s Herrera- el Servicio realizar\u00e1 una minuciosa fiscalizaci\u00f3n a las empresas durante el evento Cyber Day, que se desarrollar\u00e1 entre las 00:00 horas del pr\u00f3ximo lunes 29 y hasta mi\u00e9rcoles 31 de mayo.<\/p>\n\n\n\n<p>\u201cEn el \u00faltimo tiempo la normativa en materia de derechos en el comercio electr\u00f3nico se ha fortalecido enormemente tras la entrada en vigencia de la Ley Pro Consumidor y del Reglamento de Comercio Electr\u00f3nico, por lo que las empresas deben cumplir estrictamente con las exigencias que all\u00ed se contemplan, pues, en caso contrario, deber\u00e1n responder ante el SERNAC o ante la justicia\u201d, recalc\u00f3 la autoridad.<\/p>\n\n\n\n<h3 class=\"wp-block-heading\">Metodolog\u00eda<\/h3>\n\n\n\n<p>El estudio, denominado \u201cViaje del usuario en el comercio electr\u00f3nico\u201d, se bas\u00f3 en el ejercicio de dividir el proceso de compra en diversas etapas, a fin de identificar cu\u00e1les son las falencias m\u00e1s recurrentes de la experiencia del consumidor al momento de adquirir productos y servicios por internet.<\/p>\n\n\n\n<p>Este an\u00e1lisis consider\u00f3 los reclamos asociados al comercio electr\u00f3nico ingresados en el SERNAC entre el 22 de marzo de 2022 hasta 1\u00b0 de febrero de 2023, incluyendo los reclamos recibidos en contra de las empresas oficiales ligadas a los \u201ceventos cyber\u201d que organiza la C\u00e1mara de Comercio de Santiago (CCS), como en contra de otras empresas que hayan generado sus propios cyber.<\/p>\n\n\n\n<h3 class=\"wp-block-heading\">Principales conclusiones<\/h3>\n\n\n\n<p>Al analizar el estudio \u201cViaje del usuario en el comercio electr\u00f3nico\u201d respecto del per\u00edodo analizado, la <strong>etapa de la postventa<\/strong> fue la que present\u00f3 la peor valoraci\u00f3n de los consumidores, al concentrar un <strong>65% del total de los reclamos.<\/strong><\/p>\n\n\n\n<p>En esta etapa, los consumidores se quejan principalmente por problemas para poner t\u00e9rmino a los contratos o por t\u00e9rminos unilaterales de dichos contratos dispuestos por las propias empresas; seguidos de incumplimientos al ejercicio del derecho a la garant\u00eda legal cuando los productos vienen defectuosos y la entrega de productos distintos a los adquiridos.<\/p>\n\n\n<div class=\"wp-block-image\">\n<figure class=\"alignleft size-large is-resized\"><img loading=\"lazy\" decoding=\"async\" src=\"https:\/\/www.semanariolocal.cl\/wp-content\/uploads\/2023\/05\/graf01-929x600.jpg\" alt=\"\" class=\"wp-image-12612\" width=\"550\" height=\"354\" srcset=\"https:\/\/www.semanariolocal.cl\/wp-content\/uploads\/2023\/05\/graf01-929x600.jpg 929w, https:\/\/www.semanariolocal.cl\/wp-content\/uploads\/2023\/05\/graf01-300x194.jpg 300w, https:\/\/www.semanariolocal.cl\/wp-content\/uploads\/2023\/05\/graf01-768x496.jpg 768w, https:\/\/www.semanariolocal.cl\/wp-content\/uploads\/2023\/05\/graf01-1536x992.jpg 1536w, https:\/\/www.semanariolocal.cl\/wp-content\/uploads\/2023\/05\/graf01-1200x775.jpg 1200w, https:\/\/www.semanariolocal.cl\/wp-content\/uploads\/2023\/05\/graf01.jpg 1897w\" sizes=\"auto, (max-width: 550px) 100vw, 550px\" \/><\/figure>\n<\/div>\n\n\n<p>La <strong>segunda etapa<\/strong> del viaje del usuario que concentra la mayor\u00eda de los reclamos de los consumidores, se refiere a <strong>la entrega del producto adquirido<\/strong> (19,4%), espec\u00edficamente, por el retardo o demora en el despacho. En la Regi\u00f3n de Los Lagos los reclamos sobre esta etapa superaron la media, alcanzando el 21,4%.<\/p>\n\n\n\n<p>En tercer lugar, las personas acusan problemas en la <strong>etapa previa y durante la compra (15,6%)<\/strong>. Entre las mayores dificultades destacan los inconvenientes para realizar el pago (8,6%), para buscar productos (3,8%), o para determinar su disponibilidad (2,6%), entre otros.<\/p>\n\n\n\n<h3 class=\"wp-block-heading\">Comportamiento de las empresas<\/h3>\n\n\n\n<p>A nivel nacional, las 10 empresas con m\u00e1s reclamos en el SERNAC, sin considerar el n\u00famero de transacciones, fueron Falabella.com-Linio, con un 27,9% de los casos, &nbsp;Lider.cl con un 12,8% y Latam Airlines con un 12%.<\/p>\n\n\n\n<p>En la Regi\u00f3n de Los Lagos las 3 empresas que concentraron el 54% de los reclamos, son &nbsp;Falabella.com-Linio con un 27,4%, Latam Airlines con un 13,4% y Sodimac con un 13,3%.<\/p>\n\n\n\n<h3 class=\"wp-block-heading\"><strong>Ranking nacional:<\/strong><\/h3>\n\n\n\n<figure class=\"wp-block-image size-large\"><img loading=\"lazy\" decoding=\"async\" width=\"1000\" height=\"491\" src=\"https:\/\/www.semanariolocal.cl\/wp-content\/uploads\/2023\/05\/graf02-1000x491.jpg\" alt=\"\" class=\"wp-image-12613\" srcset=\"https:\/\/www.semanariolocal.cl\/wp-content\/uploads\/2023\/05\/graf02-1000x491.jpg 1000w, https:\/\/www.semanariolocal.cl\/wp-content\/uploads\/2023\/05\/graf02-300x147.jpg 300w, https:\/\/www.semanariolocal.cl\/wp-content\/uploads\/2023\/05\/graf02-768x377.jpg 768w, https:\/\/www.semanariolocal.cl\/wp-content\/uploads\/2023\/05\/graf02-1536x754.jpg 1536w, https:\/\/www.semanariolocal.cl\/wp-content\/uploads\/2023\/05\/graf02-1200x589.jpg 1200w, https:\/\/www.semanariolocal.cl\/wp-content\/uploads\/2023\/05\/graf02.jpg 1708w\" sizes=\"auto, (max-width: 1000px) 100vw, 1000px\" \/><\/figure>\n\n\n\n<h3 class=\"wp-block-heading\">Fiscalizaci\u00f3n<\/h3>\n\n\n\n<p>Durante el evento Cyber Day que se desarrollar\u00e1 desde las 00:00 horas de este lunes 29 hasta el mi\u00e9rcoles 31 de mayo, el SERNAC estar\u00e1 fiscalizando a las empresas participantes.<\/p>\n\n\n\n<p>Especial consideraci\u00f3n tendr\u00e1 el Servicio en aspectos relacionados con la informaci\u00f3n que se le entrega a los consumidores, especialmente el precio final de los productos, su adecuada identificaci\u00f3n y caracter\u00edsticas relevantes, entre otros aspectos, tomando en cuenta que habitualmente ellos denuncian \u201cofertas enga\u00f1osas\u201d de parte de las empresas.<\/p>\n\n\n\n<p>Tambi\u00e9n el SERNAC fiscalizar\u00e1 c\u00f3mo las empresas informan el cumplimiento del derecho a la garant\u00eda legal cuando los productos salen defectuosos, el cual tras la entrada en vigencia de la Ley Pro Consumidor, aument\u00f3 el plazo en 6 meses, teniendo las empresas la obligaci\u00f3n de informar oportunamente en sitios web o plataformas y en tiendas f\u00edsicas. Adem\u00e1s, supervisar\u00e1 que se informe adecuadamente a los consumidores sobre la existencia del derecho a retracto y, en caso de que sea procedente, de su exclusi\u00f3n.<\/p>\n\n\n\n<p>En caso de detectar infracciones, el SERNAC ejecutar\u00e1 las acciones que estime pertinentes para ir en defensa de los derechos de los consumidores, pudiendo iniciar Procedimientos Voluntarios Colectivos, interponer denuncias o incluso demandas colectivas, entre otras acciones de protecci\u00f3n.<\/p>\n\n\n\n<h3 class=\"wp-block-heading\"><strong>Derechos de los consumidores<\/strong><\/h3>\n\n\n\n<p>El SERNAC recuerda a los consumidores sus derechos al momento de comprar por internet, los cuales est\u00e1n establecidos en diversas normativas, tales como la Ley del Consumidor, la Ley Pro Consumidor y el Reglamento de Comercio Electr\u00f3nico.<\/p>\n\n\n\n<p>En el caso de que las compras se realicen por internet, La Ley del Consumidor establece que los consumidores tienen los mismos derechos que en cualquier compra o contrataci\u00f3n de servicio como si se tratara de una compra presencial. Esto es, que se informe el precio final, las caracter\u00edsticas relevantes del producto, que lo que se promete en la publicidad se cumpla y se respeten las promociones y ofertas.<\/p>\n\n\n\n<p>Los consumidores que compran un producto que sale malo, pueden exigir durante los 6 primeros meses el cambio, la reparaci\u00f3n o la devoluci\u00f3n del dinero.<\/p>\n\n\n\n<h3 class=\"wp-block-heading\">Reglamento Comercio Electr\u00f3nico<\/h3>\n\n\n\n<p><a><\/a>Adem\u00e1s de las disposiciones que establece la Ley del Consumidor y la Ley Pro Consumidor, el 24 de marzo de 2022 entr\u00f3 en vigencia el Reglamento de Comercio Electr\u00f3nico, que obliga a las empresas que utilicen este canal de venta a cumplir una serie de obligaciones, lo que va en directo beneficio de los consumidores.<\/p>\n\n\n\n<p>El reglamento establece que las empresas deben informar en sus sitios web, en forma oportuna, el precio total del producto o servicio con el valor del despacho incluido; la inexistencia de stock; las caracter\u00edsticas relevantes de los productos y servicios ofrecidos; entre otros aspectos.<\/p>\n\n\n\n<p>Tambi\u00e9n, las obliga a informar expresamente las referencias de los productos, como, por ejemplo, las dimensiones, el color, el peso, el n\u00famero de unidades que lo componen, el material, las restricciones de uso y los cuidados relevantes.<\/p>\n\n\n\n<p>En el caso del despacho, las empresas deben indicar el costo total del despacho o entrega de forma desglosada del precio del producto; la fecha en que el producto estar\u00e1 disponible para su retiro si corresponde; rango de tiempo que tardar\u00e1 su entrega o despacho, indicando, por ejemplo, si se trata de d\u00edas h\u00e1biles o corridos.<\/p>\n\n\n\n<h3 class=\"wp-block-heading\">Derecho a retracto<\/h3>\n\n\n\n<p>El reglamento establece la exigencia de parte de las empresas a informar sobre la existencia o no del derecho a retracto.&nbsp;<\/p>\n\n\n\n<p>Este derecho implica que las personas pueden arrepentirse en compras electr\u00f3nicas, telef\u00f3nicas o por cat\u00e1logos dentro de los 10 d\u00edas siguientes desde que recibi\u00f3 el producto o se contrat\u00f3 el servicio.<\/p>\n\n\n\n<h3 class=\"wp-block-heading\">Canales de atenci\u00f3n a los consumidores<\/h3>\n\n\n\n<p>El reglamento establece que las empresas deben informar claramente la forma de contacto para que los consumidores puedan realizar preguntas y resolver problemas.&nbsp;<\/p>\n","protected":false},"excerpt":{"rendered":"<p>Un 65% de los reclamos de los consumidores apunta a problemas ocurridos una vez realizada la compra o la contrataci\u00f3n del servicio. En la Regi\u00f3n de Los Lagos, la situaci\u00f3n del comercio electr\u00f3nico es similar al resto del pa\u00eds.<\/p>\n","protected":false},"author":1,"featured_media":12614,"comment_status":"closed","ping_status":"closed","sticky":false,"template":"","format":"standard","meta":{"footnotes":""},"categories":[3],"tags":[],"class_list":["post-12611","post","type-post","status-publish","format-standard","has-post-thumbnail","hentry","category-al-dia"],"_links":{"self":[{"href":"https:\/\/www.semanariolocal.cl\/index.php?rest_route=\/wp\/v2\/posts\/12611","targetHints":{"allow":["GET"]}}],"collection":[{"href":"https:\/\/www.semanariolocal.cl\/index.php?rest_route=\/wp\/v2\/posts"}],"about":[{"href":"https:\/\/www.semanariolocal.cl\/index.php?rest_route=\/wp\/v2\/types\/post"}],"author":[{"embeddable":true,"href":"https:\/\/www.semanariolocal.cl\/index.php?rest_route=\/wp\/v2\/users\/1"}],"replies":[{"embeddable":true,"href":"https:\/\/www.semanariolocal.cl\/index.php?rest_route=%2Fwp%2Fv2%2Fcomments&post=12611"}],"version-history":[{"count":1,"href":"https:\/\/www.semanariolocal.cl\/index.php?rest_route=\/wp\/v2\/posts\/12611\/revisions"}],"predecessor-version":[{"id":12615,"href":"https:\/\/www.semanariolocal.cl\/index.php?rest_route=\/wp\/v2\/posts\/12611\/revisions\/12615"}],"wp:featuredmedia":[{"embeddable":true,"href":"https:\/\/www.semanariolocal.cl\/index.php?rest_route=\/wp\/v2\/media\/12614"}],"wp:attachment":[{"href":"https:\/\/www.semanariolocal.cl\/index.php?rest_route=%2Fwp%2Fv2%2Fmedia&parent=12611"}],"wp:term":[{"taxonomy":"category","embeddable":true,"href":"https:\/\/www.semanariolocal.cl\/index.php?rest_route=%2Fwp%2Fv2%2Fcategories&post=12611"},{"taxonomy":"post_tag","embeddable":true,"href":"https:\/\/www.semanariolocal.cl\/index.php?rest_route=%2Fwp%2Fv2%2Ftags&post=12611"}],"curies":[{"name":"wp","href":"https:\/\/api.w.org\/{rel}","templated":true}]}}