{"id":12608,"date":"2023-05-25T22:56:30","date_gmt":"2023-05-26T02:56:30","guid":{"rendered":"https:\/\/www.semanariolocal.cl\/?p=12608"},"modified":"2023-05-25T22:56:31","modified_gmt":"2023-05-26T02:56:31","slug":"programan-levantamiento-de-datos-demograficos-en-provincia-de-palena","status":"publish","type":"post","link":"https:\/\/www.semanariolocal.cl\/?p=12608","title":{"rendered":"Programan levantamiento de datos demogr\u00e1ficos en provincia de Palena"},"content":{"rendered":"\n<p>Con acuerdos importantes en torno a colaborar para que el levantamiento de informaci\u00f3n en la provincia de Palena sea exitoso y por primera vez existan datos a nivel de instituci\u00f3n p\u00fablica que apunten a establecer las desigualdades territoriales en dicho territorio, concluy\u00f3 la reuni\u00f3n sostenida por el profesional a cargo del territorio proyecto Anillo \u201cDesigualdades territoriales en el sur de Chile\u201d, el Soci\u00f3logo Felipe Subiabre y la encargada de la Direcci\u00f3n de Desarrollo Comunitario de la Municipalidad de Hualaihu\u00e9, Carolina Vera.<\/p>\n\n\n\n<p>La iniciativa es liderada por la Universidad de Los Lagos junto a la Universidad Austral de Chile y en ella colaboran las universidades de Ays\u00e9n y Magallanes.<\/p>\n\n\n\n<p>\u201c<em>Considerando la invisibilizaci\u00f3n en t\u00e9rminos de representaci\u00f3n estad\u00edstica, consideramos que es muy importante que la Municipalidad nos manifieste su apoyo en la coordinaci\u00f3n y el despliegue del relevamiento<\/em>\u201d, explica el&nbsp;<strong>profesional del proyecto Anillo Felipe Subiabre.<\/strong><\/p>\n\n\n\n<p>Asimismo, la&nbsp;<strong>encargada de la Dideco de dicha comuna, Carolina Vera<\/strong>&nbsp;enfatiz\u00f3 en los problemas que a diario deben enfrentar como son la escasez de agua y los sistemas rudimentarios de distribuci\u00f3n en la comuna. De la misma manera, se\u00f1al\u00f3 como problema la falta de regularidad en el transporte p\u00fablico, pese a que destaca el mejoramiento en las carreteras y caminos interiores. En la reuni\u00f3n se abord\u00f3 tambi\u00e9n la limitada conectividad y oferta educativa, as\u00ed como tambi\u00e9n, el crecimiento de peque\u00f1as y medianas empresas en la comunidad.<\/p>\n\n\n\n<p>\u201c<em>Se observa un problema continuo respecto al transporte p\u00fablico debido a la falta de regularidad en la frecuencia de buses, situaci\u00f3n que se acent\u00faa en la ruta costera de Hualaihu\u00e9. Por lo cual, desde la municipalidad se han desarrollado una serie de trabajos colaborativos con las juntas de vecinos de Lleguim\u00e1n, La Poza, Chagual, Aulen, Rolecha, entre otras. Debido a la accidentada geograf\u00eda de la comuna existe una serie de localidades aisladas, situaci\u00f3n que se aumenta en tiempos de invierno, donde la comunicaci\u00f3n en momentos se limita por la frecuencia de transporte. En la parte archipel\u00e1gica de Hualaihu\u00e9, existe un recorrido regular, pero insuficiente debido a los tiempos de traslado en los casos de emergencias m\u00e9dicas y rondas m\u00e9dicas. Por otra parte, existe una lancha subvencionada por Departamento de Administraci\u00f3n de Educaci\u00f3n Municipal (DAEM) de Hualaihu\u00e9 que realiza recorridos peri\u00f3dicos. Se observa una dificultad presupuestaria, en el caso del CESFAM para los residentes de las islas pertenecientes a la comuna, las prestaciones son escasas, sobre todo en transporte<\/em>\u201d, indica la funcionaria municipal.<\/p>\n\n\n\n<p>La reuni\u00f3n permiti\u00f3 al proyecto \u201cDesigualdades territoriales en el sur de Chile\u201d presentar la propuesta de una encuesta para recopilar datos socio demogr\u00e1ficos y para ello el municipio manifest\u00f3 su voluntad de colaborar en la coordinaci\u00f3n y realizaci\u00f3n de la encuesta provincial de la provincia de Palena.<\/p>\n","protected":false},"excerpt":{"rendered":"<p>Proyecto \u201cDesigualdades territoriales en el sur de Chile\u201d toma la iniciativa y propone trabajo conjunto con Municipalidad de Hualaihu\u00e9.<\/p>\n","protected":false},"author":1,"featured_media":12609,"comment_status":"closed","ping_status":"closed","sticky":false,"template":"","format":"standard","meta":{"footnotes":""},"categories":[8],"tags":[246,337,273,247,133],"class_list":["post-12608","post","type-post","status-publish","format-standard","has-post-thumbnail","hentry","category-comunas","tag-comunas","tag-informacion","tag-noticias","tag-region-de-los-lagos","tag-semanario-local"],"_links":{"self":[{"href":"https:\/\/www.semanariolocal.cl\/index.php?rest_route=\/wp\/v2\/posts\/12608","targetHints":{"allow":["GET"]}}],"collection":[{"href":"https:\/\/www.semanariolocal.cl\/index.php?rest_route=\/wp\/v2\/posts"}],"about":[{"href":"https:\/\/www.semanariolocal.cl\/index.php?rest_route=\/wp\/v2\/types\/post"}],"author":[{"embeddable":true,"href":"https:\/\/www.semanariolocal.cl\/index.php?rest_route=\/wp\/v2\/users\/1"}],"replies":[{"embeddable":true,"href":"https:\/\/www.semanariolocal.cl\/index.php?rest_route=%2Fwp%2Fv2%2Fcomments&post=12608"}],"version-history":[{"count":1,"href":"https:\/\/www.semanariolocal.cl\/index.php?rest_route=\/wp\/v2\/posts\/12608\/revisions"}],"predecessor-version":[{"id":12610,"href":"https:\/\/www.semanariolocal.cl\/index.php?rest_route=\/wp\/v2\/posts\/12608\/revisions\/12610"}],"wp:featuredmedia":[{"embeddable":true,"href":"https:\/\/www.semanariolocal.cl\/index.php?rest_route=\/wp\/v2\/media\/12609"}],"wp:attachment":[{"href":"https:\/\/www.semanariolocal.cl\/index.php?rest_route=%2Fwp%2Fv2%2Fmedia&parent=12608"}],"wp:term":[{"taxonomy":"category","embeddable":true,"href":"https:\/\/www.semanariolocal.cl\/index.php?rest_route=%2Fwp%2Fv2%2Fcategories&post=12608"},{"taxonomy":"post_tag","embeddable":true,"href":"https:\/\/www.semanariolocal.cl\/index.php?rest_route=%2Fwp%2Fv2%2Ftags&post=12608"}],"curies":[{"name":"wp","href":"https:\/\/api.w.org\/{rel}","templated":true}]}}