{"id":12605,"date":"2023-05-25T21:48:00","date_gmt":"2023-05-26T01:48:00","guid":{"rendered":"https:\/\/www.semanariolocal.cl\/?p=12605"},"modified":"2023-05-25T22:53:34","modified_gmt":"2023-05-26T02:53:34","slug":"aprobado-recursos-para-llegar-con-agua-potable-al-sector-rural-el-manzano-en-hualaihue","status":"publish","type":"post","link":"https:\/\/www.semanariolocal.cl\/?p=12605","title":{"rendered":"Aprobado recursos para llegar con agua potable al sector rural El Manzano en Hualaihu\u00e9"},"content":{"rendered":"\n<p>En gran parte de nuestra regi\u00f3n de Los Lagos, las familias rurales se ven obligadas a depender de pozos y r\u00edos para obtener agua, pero la calidad de estos recursos no siempre es adecuada para el consumo humano.<\/p>\n\n\n\n<p>Adem\u00e1s, la falta de infraestructura y servicios b\u00e1sicos dificulta a\u00fan m\u00e1s el acceso al agua potable. Muchas viviendas carecen de sistemas de captaci\u00f3n, almacenamiento y distribuci\u00f3n adecuados, lo que limita a\u00fan m\u00e1s la disponibilidad de agua limpia y segura.<\/p>\n\n\n\n<p>Desde ah\u00ed nace la necesidad de concretar nuevas estrategias para cambiar la vida de familias que esperan hace mucho tiempo, la oportunidad de abrir la llave y obtener el vital elemento que en la actualidad es llevado a los hogares de El Manzano mediante mangueras.<\/p>\n\n\n\n<p>El Gobernador de la Regi\u00f3n de Los Lagos Patricio Vallespin, se refiere a esta instancia como una prioridad. <em>\u201cEstamos ratificando el compromiso con ese complemento de recursos que permita que esto se entregue en la forma que corresponda y tambi\u00e9n tomamos una definici\u00f3n muy importante respecto a c\u00f3mo avanzar en una reajustabilidad de obras que no sea autom\u00e1tica, que tengamos criterios para eso, una decisi\u00f3n compartida plenamente por el Consejo Regional, lo cual habla bien del trabajo colaborativo que estamos desarrollando, perseveraremos en eso porque est\u00e1 generando resultados\u201d.&nbsp;<\/em><\/p>\n\n\n\n<p>La esperada soluci\u00f3n llega de la mano del Gobierno Regional de Los Lagos que prioriza avanzar en la iniciativa con el prop\u00f3sito de entregar agua potable a los hogares de El Manzano, traspasando en total, m\u00e1s de 818 millones de pesos para concretar la construcci\u00f3n del Sistema de Agua Potable Rural.&nbsp;<\/p>\n\n\n\n<p>Cristina Espinoza Ojeda, Alcaldesa de Hualaihu\u00e9 asegura estar <em>\u201cmuy contenta y agradecida de que se enfoquen en estos proyectos que son tan importantes, para que todas las personas cuenten con agua potable y que podamos a nivel comunal, ir conectando proyectos en s\u00ed de los diferentes lugares (\u2026) Muchas gracias al Gobierno Regional, especialmente a Don Patricio Vallespin, quien ha sido un certero en todo lo que se necesita para las diferentes comunas, principalmente las m\u00e1s apartadas\u201d.<\/em><\/p>\n\n\n\n<p><\/p>\n","protected":false},"excerpt":{"rendered":"<p>Esto  luego que el Consejo Regional, que sesion\u00f3 en R\u00edo Negro, aprobara el aumento de recursos necesarios para la ejecuci\u00f3n del proyecto, lo que se elev\u00f3 por sobre los 94 millones 634 mil pesos.<\/p>\n","protected":false},"author":1,"featured_media":12606,"comment_status":"closed","ping_status":"closed","sticky":false,"template":"","format":"standard","meta":{"footnotes":""},"categories":[9],"tags":[],"class_list":["post-12605","post","type-post","status-publish","format-standard","has-post-thumbnail","hentry","category-gobierno"],"_links":{"self":[{"href":"https:\/\/www.semanariolocal.cl\/index.php?rest_route=\/wp\/v2\/posts\/12605","targetHints":{"allow":["GET"]}}],"collection":[{"href":"https:\/\/www.semanariolocal.cl\/index.php?rest_route=\/wp\/v2\/posts"}],"about":[{"href":"https:\/\/www.semanariolocal.cl\/index.php?rest_route=\/wp\/v2\/types\/post"}],"author":[{"embeddable":true,"href":"https:\/\/www.semanariolocal.cl\/index.php?rest_route=\/wp\/v2\/users\/1"}],"replies":[{"embeddable":true,"href":"https:\/\/www.semanariolocal.cl\/index.php?rest_route=%2Fwp%2Fv2%2Fcomments&post=12605"}],"version-history":[{"count":1,"href":"https:\/\/www.semanariolocal.cl\/index.php?rest_route=\/wp\/v2\/posts\/12605\/revisions"}],"predecessor-version":[{"id":12607,"href":"https:\/\/www.semanariolocal.cl\/index.php?rest_route=\/wp\/v2\/posts\/12605\/revisions\/12607"}],"wp:featuredmedia":[{"embeddable":true,"href":"https:\/\/www.semanariolocal.cl\/index.php?rest_route=\/wp\/v2\/media\/12606"}],"wp:attachment":[{"href":"https:\/\/www.semanariolocal.cl\/index.php?rest_route=%2Fwp%2Fv2%2Fmedia&parent=12605"}],"wp:term":[{"taxonomy":"category","embeddable":true,"href":"https:\/\/www.semanariolocal.cl\/index.php?rest_route=%2Fwp%2Fv2%2Fcategories&post=12605"},{"taxonomy":"post_tag","embeddable":true,"href":"https:\/\/www.semanariolocal.cl\/index.php?rest_route=%2Fwp%2Fv2%2Ftags&post=12605"}],"curies":[{"name":"wp","href":"https:\/\/api.w.org\/{rel}","templated":true}]}}