{"id":12602,"date":"2023-05-25T22:00:00","date_gmt":"2023-05-26T02:00:00","guid":{"rendered":"https:\/\/www.semanariolocal.cl\/?p=12602"},"modified":"2023-05-25T22:39:26","modified_gmt":"2023-05-26T02:39:26","slug":"invitan-a-participar-de-concurso-de-dibujo-por-la-donacion-de-sangre-2023","status":"publish","type":"post","link":"https:\/\/www.semanariolocal.cl\/?p=12602","title":{"rendered":"Invitan a participar de Concurso de Dibujo por la Donaci\u00f3n de Sangre 2023"},"content":{"rendered":"\n<p>Para participar, se debe tomar la fotograf\u00eda del dibujo en relaci\u00f3n a la donaci\u00f3n de sangre, demostrando la importancia de este acto voluntario, con el objetivo de promover la donaci\u00f3n altruista.<\/p>\n\n\n\n<p>\u201cEl d\u00eda 14 de junio de cada a\u00f1o, se celebra en todo el mundo, el d\u00eda del donante de sangre y esperamos a todos los ni\u00f1os que se entusiasmen y participen a trav\u00e9s de su dibujo y posteriormente, en la votaci\u00f3n en redes sociales donde se publicar\u00e1 cada obra, para que todos puedan opinar y elegir su favorito\u201d enfatiza Mar\u00eda Teresa Kahler, tecn\u00f3loga m\u00e9dico y jefa del Banco de Sangre del HBSJO.<\/p>\n\n\n\n<p>Pueden participar ni\u00f1as y ni\u00f1os entre 8 a 12 a\u00f1os. Al recepcionar las fotograf\u00edas y a quienes cumplan con las bases, se publicar\u00e1n en la red social Facebook del Hospital Base San Jos\u00e9 Osorno, im\u00e1genes que ser\u00e1n sujetas a votaci\u00f3n por parte de la comunidad y se elegir\u00e1 la m\u00e1s popular.<\/p>\n\n\n\n<p>Las fotograf\u00edas se recepcionar\u00e1n desde el mi\u00e9rcoles 24 de mayo al viernes 9 de junio, hasta las 16:00 horas y se publicar\u00e1n en la semana del Donante de Sangre, desde el 12 de junio al 16 de junio.&nbsp; La imagen con mayor cantidad de reacciones (like\/me gusta) ser\u00e1 la ganadora del concurso.<\/p>\n\n\n\n<p>Finalmente, la Jefa del Banco de Sangre, explica que con esto se busca concientizar la importancia de la donaci\u00f3n altruista y que \u00e9sta se pueda dar los 365 d\u00edas del a\u00f1o.<\/p>\n\n\n\n<p>\u201cNo s\u00f3lo necesitamos donantes el d\u00eda 14 de junio porque las necesidades son los 365 d\u00edas y en cada lugar del mundo. En el caso de nuestro hospital contamos con una agenda para hacer m\u00e1s eficiente para el personal y los usuarios que son atendidos oportunamente con su hora asignada. Los tel\u00e9fonos a los que pueden llamar son 2336055 y 2336053\u201d.<\/p>\n\n\n\n<p>En cuanto a las bases del concurso, se pueden descargar en el portal del Hospital Osorno&nbsp;<a href=\"http:\/\/www.hospitalbaseosorno.cl\/\" target=\"_blank\" rel=\"noreferrer noopener\">www.hospitalbaseosorno.cl<\/a>&nbsp;Los tres primeros lugares con mayor votaci\u00f3n popular, recibir\u00e1n un premio sorpresa.<\/p>\n","protected":false},"excerpt":{"rendered":"<p>La Unidad de Banco de Sangre del Hospital Base San Jos\u00e9 Osorno, invita a las ni\u00f1as y ni\u00f1os de la provincia de Osorno, a participar del concurso de dibujo \u201cConmemoraci\u00f3n del D\u00eda del Donante de sangre 2023\u201d.<\/p>\n","protected":false},"author":1,"featured_media":12603,"comment_status":"closed","ping_status":"closed","sticky":false,"template":"","format":"standard","meta":{"footnotes":""},"categories":[3],"tags":[337,273,132,247,133],"class_list":["post-12602","post","type-post","status-publish","format-standard","has-post-thumbnail","hentry","category-al-dia","tag-informacion","tag-noticias","tag-osorno","tag-region-de-los-lagos","tag-semanario-local"],"_links":{"self":[{"href":"https:\/\/www.semanariolocal.cl\/index.php?rest_route=\/wp\/v2\/posts\/12602","targetHints":{"allow":["GET"]}}],"collection":[{"href":"https:\/\/www.semanariolocal.cl\/index.php?rest_route=\/wp\/v2\/posts"}],"about":[{"href":"https:\/\/www.semanariolocal.cl\/index.php?rest_route=\/wp\/v2\/types\/post"}],"author":[{"embeddable":true,"href":"https:\/\/www.semanariolocal.cl\/index.php?rest_route=\/wp\/v2\/users\/1"}],"replies":[{"embeddable":true,"href":"https:\/\/www.semanariolocal.cl\/index.php?rest_route=%2Fwp%2Fv2%2Fcomments&post=12602"}],"version-history":[{"count":1,"href":"https:\/\/www.semanariolocal.cl\/index.php?rest_route=\/wp\/v2\/posts\/12602\/revisions"}],"predecessor-version":[{"id":12604,"href":"https:\/\/www.semanariolocal.cl\/index.php?rest_route=\/wp\/v2\/posts\/12602\/revisions\/12604"}],"wp:featuredmedia":[{"embeddable":true,"href":"https:\/\/www.semanariolocal.cl\/index.php?rest_route=\/wp\/v2\/media\/12603"}],"wp:attachment":[{"href":"https:\/\/www.semanariolocal.cl\/index.php?rest_route=%2Fwp%2Fv2%2Fmedia&parent=12602"}],"wp:term":[{"taxonomy":"category","embeddable":true,"href":"https:\/\/www.semanariolocal.cl\/index.php?rest_route=%2Fwp%2Fv2%2Fcategories&post=12602"},{"taxonomy":"post_tag","embeddable":true,"href":"https:\/\/www.semanariolocal.cl\/index.php?rest_route=%2Fwp%2Fv2%2Ftags&post=12602"}],"curies":[{"name":"wp","href":"https:\/\/api.w.org\/{rel}","templated":true}]}}