{"id":12595,"date":"2023-05-24T14:15:00","date_gmt":"2023-05-24T18:15:00","guid":{"rendered":"https:\/\/www.semanariolocal.cl\/?p=12595"},"modified":"2023-05-24T19:27:36","modified_gmt":"2023-05-24T23:27:36","slug":"diputado-manouchehri-si-pagan-en-pesos-es-injusto-cobrar-con-la-uf","status":"publish","type":"post","link":"https:\/\/www.semanariolocal.cl\/?p=12595","title":{"rendered":"Diputado Manouchehri: \u201cSi pagan en pesos es injusto cobrar con la UF\u201d"},"content":{"rendered":"\n<p>Esta semana la Unidad de Fomento (UF) super\u00f3 la barrera de los 36 mil pesos, acumulando un alza cercana a los $900 en lo que va de 2023. Al respecto, el diputado socialista Daniel Manouchehri reforz\u00f3 la necesidad de tramitar el proyecto \u201cNo m\u00e1s cobros en UF\u201d, presentado por el legislador y la diputada Daniella Cicardini en abril.<\/p>\n\n\n\n<p>\u201cEl alza de la UF golpea a la gente. La UF naci\u00f3 en los 60\u2019 para proteger los ahorros de los chilenos de la inflaci\u00f3n, pero se ha transformado en un abuso en contra de los chilenos. Protege de la inflaci\u00f3n a los bancos, a las universidades privadas, a las Isapres, pero no a la gente. A la gente le pagan en pesos, pero le cobran en UF. Sube la UF pero no suben los salarios\u201d, se\u00f1al\u00f3 el legislador de la Regi\u00f3n de Coquimbo.<\/p>\n\n\n\n<p>\u201cEste sufrimiento que se reajusta mensualmente y que afecta al bolsillo de chilenos y chilenas, afecta con m\u00e1s fuerza al superar la barrera de los 36 mil pesos, y va a seguir pasando mientras exista el contrasentido de que la gente tenga que pagar en UF y recibir su sueldo en pesos\u201d, afirm\u00f3 Cicardini, diputada por la Regi\u00f3n de Atacama.<\/p>\n\n\n\n<p>La iniciativa contempla la prohibici\u00f3n del uso de la Unidad de Fomento para cobrar cr\u00e9ditos hipotecarios, arriendos, planes de salud y educaci\u00f3n. Asimismo, Manouchehri anunci\u00f3 que presentar\u00e1 una moci\u00f3n para que los sueldos de los trabajadores se paguen en UF. \u201cSabemos que contamos con el apoyo de la gente que sufre los efectos del costo de la vida. Lo que buscamos es abrir un debate de un tema que le interesa a los chilenos\u201d, indic\u00f3.<\/p>\n\n\n\n<p>En ese sentido, la diputada Cicardini expres\u00f3 que \u201cse hace necesario y urgente detener el uso abusivo de la UF, y abrir el debate de nuestro proyecto de ley que busca restringir la aplicaci\u00f3n de este instrumento. Y ojo, dejar afuera el pago de pensiones, que pareciera ser en la \u00fanica cosa que beneficia y ayuda a la gente\u201d.<\/p>\n\n\n\n<p>Asimismo, Manouchehri recalc\u00f3 que \u201cla gente de la clase media se siente abandonada. Con un Estado que no entrega derechos universales, ha tenido que endeudarse, y sobre endeudarse para acceder a la educaci\u00f3n, la salud, la vivienda, la cultura y el ocio. Es importante que nosotros, los pol\u00edticos, nos hagamos cargo de ese abandono\u201d.<\/p>\n\n\n\n<p>Junto a los diputados Manouchehri y Cicardini, son coautores los diputados Ana Mar\u00eda Bravo y Leonardo Soto del Partido Socialista; Boris Barrera del Partido Comunista; Alejandro Bernales del Partido Liberal; Javiera Morales de Convergencia Social; y Miguel \u00c1ngel Calisto de Dem\u00f3cratas. Actualmente, \u201cNo m\u00e1s cobros en UF\u201d est\u00e1 a la espera de ser discutido en la Comisi\u00f3n de Econom\u00eda de la C\u00e1mara de Diputadas y Diputados.<\/p>\n","protected":false},"excerpt":{"rendered":"<p>El legislador socialista defendi\u00f3 la iniciativa que contempla la eliminaci\u00f3n del cobro en Unidad de Fomento en caso de arriendos, pagos de aranceles estudiantiles, cr\u00e9ditos hipotecarios y contratos de salud previsional; obligando que este se realice s\u00f3lo en pesos<\/p>\n","protected":false},"author":1,"featured_media":12596,"comment_status":"closed","ping_status":"closed","sticky":false,"template":"","format":"standard","meta":{"footnotes":""},"categories":[3],"tags":[248,187,337,273,132,247,133,1909],"class_list":["post-12595","post","type-post","status-publish","format-standard","has-post-thumbnail","hentry","category-al-dia","tag-daniel-manouchehri","tag-diputado","tag-informacion","tag-noticias","tag-osorno","tag-region-de-los-lagos","tag-semanario-local","tag-uf"],"_links":{"self":[{"href":"https:\/\/www.semanariolocal.cl\/index.php?rest_route=\/wp\/v2\/posts\/12595","targetHints":{"allow":["GET"]}}],"collection":[{"href":"https:\/\/www.semanariolocal.cl\/index.php?rest_route=\/wp\/v2\/posts"}],"about":[{"href":"https:\/\/www.semanariolocal.cl\/index.php?rest_route=\/wp\/v2\/types\/post"}],"author":[{"embeddable":true,"href":"https:\/\/www.semanariolocal.cl\/index.php?rest_route=\/wp\/v2\/users\/1"}],"replies":[{"embeddable":true,"href":"https:\/\/www.semanariolocal.cl\/index.php?rest_route=%2Fwp%2Fv2%2Fcomments&post=12595"}],"version-history":[{"count":1,"href":"https:\/\/www.semanariolocal.cl\/index.php?rest_route=\/wp\/v2\/posts\/12595\/revisions"}],"predecessor-version":[{"id":12597,"href":"https:\/\/www.semanariolocal.cl\/index.php?rest_route=\/wp\/v2\/posts\/12595\/revisions\/12597"}],"wp:featuredmedia":[{"embeddable":true,"href":"https:\/\/www.semanariolocal.cl\/index.php?rest_route=\/wp\/v2\/media\/12596"}],"wp:attachment":[{"href":"https:\/\/www.semanariolocal.cl\/index.php?rest_route=%2Fwp%2Fv2%2Fmedia&parent=12595"}],"wp:term":[{"taxonomy":"category","embeddable":true,"href":"https:\/\/www.semanariolocal.cl\/index.php?rest_route=%2Fwp%2Fv2%2Fcategories&post=12595"},{"taxonomy":"post_tag","embeddable":true,"href":"https:\/\/www.semanariolocal.cl\/index.php?rest_route=%2Fwp%2Fv2%2Ftags&post=12595"}],"curies":[{"name":"wp","href":"https:\/\/api.w.org\/{rel}","templated":true}]}}