{"id":12589,"date":"2023-05-24T19:05:25","date_gmt":"2023-05-24T23:05:25","guid":{"rendered":"https:\/\/www.semanariolocal.cl\/?p=12589"},"modified":"2023-05-24T19:05:26","modified_gmt":"2023-05-24T23:05:26","slug":"dia-del-completo-nutricionista-aclara-mitos-y-verdades-sobre-esta-delicia-culinaria","status":"publish","type":"post","link":"https:\/\/www.semanariolocal.cl\/?p=12589","title":{"rendered":"D\u00eda del Completo: Nutricionista aclara \u201cmitos y verdades\u201d sobre esta delicia culinaria"},"content":{"rendered":"\n<p>El D\u00eda del Completo es una celebraci\u00f3n esperada por los amantes de este \u2018delicatessen\u2019. La iniciativa surgi\u00f3 para promover y resaltar este s\u00e1ndwich de origen chileno, que se ha transformado en una especie de emblema de nuestra tradici\u00f3n y que ya cuenta con diversas versiones y combinaciones, de los m\u00e1s simples a los m\u00e1s elaborados.<\/p>\n\n\n\n<p>Pero, \u00bfsabes cu\u00e1ntas calor\u00edas tiene un completo o si es mejor comerlo a una hora en especial? El coordinador acad\u00e9mico de la carrera de\u00a0Nutrici\u00f3n y Diet\u00e9tica\u00a0de la\u00a0Universidad de O\u2019Higgins\u00a0(UOH), Juan Pablo Espejo, despeja los mitos relacionados a este alimento.<\/p>\n\n\n\n<p>\u201cLas calor\u00edas dependen del tipo de completo. Si pensamos en el t\u00edpico completo italiano, aporta cerca de 500 a 550 calor\u00edas por porci\u00f3n. Esto significa que para una persona que necesita 2.000 calor\u00edas al d\u00eda, con un solo completo italiano ya est\u00e1 consumiendo un cuarto de la energ\u00eda que necesita al d\u00eda, as\u00ed que mi consejo va enfocado en la moderaci\u00f3n. Si vas a comer un italiano, come s\u00f3lo uno\u201d, destaca el experto, quien adem\u00e1s resalta que el ingrediente a evitar es: \u201cla mayonesa, dado su contenido de grasas saturadas que tienen efectos negativos en nuestra salud, incluyendo el riesgo cardiovascular a largo plazo. Lo ideal es preferir otras salsas, como la mostaza\u201d.<\/p>\n\n\n\n<p>Aclara que, si el completo se prepara en casa, debemos fijarnos \u201cen el etiquetado nutricional de las vienesas y preferir marcas que tengan menor aporte de sodio y de grasa total. La palta, si bien tiene un alto contenido de calor\u00edas y de grasas, estas son de buena calidad, as\u00ed que recomiendo incorporarla como ingrediente del completo. El tomate tambi\u00e9n es un buen agregado, ya que aporta fibra y vitaminas. El chucrut es otro excelente agregado, el cual al ser un fermentado tiene muchos beneficios para la salud\u201d.<\/p>\n\n\n\n<p>El profesional aclara que un completo puede reemplazar a un almuerzo, ya que \u201cel aporte de un completo equivale al de otros almuerzos que encontrar\u00edamos en un casino de alimentaci\u00f3n. Sugiero acompa\u00f1arlo con bebestibles que no contribuyan con m\u00e1s calor\u00edas, idealmente evitar bebidas y jugos azucarados. Si pensamos a largo plazo, el consumo frecuente y en altas cantidades de embutidos como la vienesa del completo aumentan el riesgo cardiovascular, elevan los niveles de colesterol \u2018malo\u2019 e incluso est\u00e1n asociados con algunos tipos de c\u00e1ncer. Por otro lado, la ingesta de grasas saturadas como las que se encuentran presentes en la mayonesa tambi\u00e9n elevan los niveles de colesterol \u2018malo\u2019 y el riesgo de enfermedades del coraz\u00f3n\u201d.<\/p>\n\n\n\n<p>Finalmente, Juan Pablo Espejo advierte que no hay un mejor momento del d\u00eda para consumirlo, ya que \u201csu efecto en la salud va a ser el mismo si comemos un completo al desayuno, almuerzo o cena. Lo importante ac\u00e1 es la porci\u00f3n que consumamos, apuntando a la moderaci\u00f3n y no exceder nuestro requerimiento cal\u00f3rico diario. Si vamos a comer un completo, ojal\u00e1 sea lo m\u00e1s temprano posible. Este consejo es v\u00e1lido no s\u00f3lo con los completos, sino que con cualquier comida; ya que comer tarde en la noche se asocia por ejemplo a mayor problema conciliando el sue\u00f1o, o incluso a un mayor porcentaje de grasa corporal\u201d.<\/p>\n","protected":false},"excerpt":{"rendered":"<p>Este alimento es elegido por muchos chilenos cuando queremos algo r\u00e1pido para comer y a un precio econ\u00f3mico. Pero \u00bfqu\u00e9 debemos saber al momento de consumirlo?<\/p>\n","protected":false},"author":1,"featured_media":12590,"comment_status":"closed","ping_status":"closed","sticky":false,"template":"","format":"standard","meta":{"footnotes":""},"categories":[3],"tags":[337,273,132,247,133],"class_list":["post-12589","post","type-post","status-publish","format-standard","has-post-thumbnail","hentry","category-al-dia","tag-informacion","tag-noticias","tag-osorno","tag-region-de-los-lagos","tag-semanario-local"],"_links":{"self":[{"href":"https:\/\/www.semanariolocal.cl\/index.php?rest_route=\/wp\/v2\/posts\/12589","targetHints":{"allow":["GET"]}}],"collection":[{"href":"https:\/\/www.semanariolocal.cl\/index.php?rest_route=\/wp\/v2\/posts"}],"about":[{"href":"https:\/\/www.semanariolocal.cl\/index.php?rest_route=\/wp\/v2\/types\/post"}],"author":[{"embeddable":true,"href":"https:\/\/www.semanariolocal.cl\/index.php?rest_route=\/wp\/v2\/users\/1"}],"replies":[{"embeddable":true,"href":"https:\/\/www.semanariolocal.cl\/index.php?rest_route=%2Fwp%2Fv2%2Fcomments&post=12589"}],"version-history":[{"count":1,"href":"https:\/\/www.semanariolocal.cl\/index.php?rest_route=\/wp\/v2\/posts\/12589\/revisions"}],"predecessor-version":[{"id":12591,"href":"https:\/\/www.semanariolocal.cl\/index.php?rest_route=\/wp\/v2\/posts\/12589\/revisions\/12591"}],"wp:featuredmedia":[{"embeddable":true,"href":"https:\/\/www.semanariolocal.cl\/index.php?rest_route=\/wp\/v2\/media\/12590"}],"wp:attachment":[{"href":"https:\/\/www.semanariolocal.cl\/index.php?rest_route=%2Fwp%2Fv2%2Fmedia&parent=12589"}],"wp:term":[{"taxonomy":"category","embeddable":true,"href":"https:\/\/www.semanariolocal.cl\/index.php?rest_route=%2Fwp%2Fv2%2Fcategories&post=12589"},{"taxonomy":"post_tag","embeddable":true,"href":"https:\/\/www.semanariolocal.cl\/index.php?rest_route=%2Fwp%2Fv2%2Ftags&post=12589"}],"curies":[{"name":"wp","href":"https:\/\/api.w.org\/{rel}","templated":true}]}}