{"id":12580,"date":"2023-05-24T18:40:59","date_gmt":"2023-05-24T22:40:59","guid":{"rendered":"https:\/\/www.semanariolocal.cl\/?p=12580"},"modified":"2023-05-24T18:41:00","modified_gmt":"2023-05-24T22:41:00","slug":"mide-tu-tiroides-plataforma-digital-permite-una-evaluacion-oportuna-de-la-glandula","status":"publish","type":"post","link":"https:\/\/www.semanariolocal.cl\/?p=12580","title":{"rendered":"Mide tu Tiroides: plataforma digital permite una evaluaci\u00f3n oportuna de la gl\u00e1ndula"},"content":{"rendered":"\n<p>El 25 de mayo se conmemora el D\u00eda Mundial de la Tiroides, fecha impulsada por la Federaci\u00f3n Internacional de Tiroides (TFI) con el objetivo de generar conciencia sobre la importancia de su funcionamiento en el organismo, informar acerca de los signos de alteraci\u00f3n m\u00e1s comunes y promover un diagn\u00f3stico oportuno.<\/p>\n\n\n\n<p>En su \u00faltimo informe Thyroid Patients Worldwide, la red global de organizaciones de trastornos tiroideos indic\u00f3 que estos problemas afectan aproximadamente a 1.6 billones de personas alrededor del mundo<a href=\"#_ftn1\" id=\"_ftnref1\">[1]<\/a>, un alza significativa en comparaci\u00f3n con las cifras entregadas por la Organizaci\u00f3n Mundial de la Salud (OMS), que hasta hace algunos a\u00f1os contabilizaba 750 millones de casos.<\/p>\n\n\n\n<p>Si bien las explicaciones para este incremento son tan variadas como los factores de incidencia, la principal preocupaci\u00f3n de los especialistas radica en que los s\u00edntomas de las patolog\u00edas asociadas a la tiroides pueden ser f\u00e1cilmente confundidos con otras enfermedades o estados an\u00edmicos, lo que representa importantes riesgos para los pacientes que necesiten tratamiento.<\/p>\n\n\n\n<p>Es lo que ocurre con el hipotiroidismo e hipertiroidismo, las alteraciones m\u00e1s comunes de la gl\u00e1ndula que son causadas por el d\u00e9ficit o exceso de hormonas tiroideas, respectivamente, cuyas manifestaciones, como el cansancio, debilidad, resequedad de la piel o problemas digestivos, reducen las probabilidades de consulta m\u00e9dica al ser consideradas sensaciones pasajeras y cotidianas.<\/p>\n\n\n\n<p>En Chile, la Encuesta Nacional de Salud 2016-2017<a href=\"#_ftn2\" id=\"_ftnref2\">[2]<\/a> revel\u00f3 que la sospecha de hipotiroidismo alcanz\u00f3 una prevalencia de 18,6% a nivel nacional, una disminuci\u00f3n de 0,7% en comparaci\u00f3n con la medici\u00f3n de 2009-2010, en la que tambi\u00e9n se registraron n\u00fameros mayores para el caso del hipertiroidismo, cuya tasa porcentual descendi\u00f3 a un 0,4% en el \u00faltimo estudio.<\/p>\n\n\n\n<h2 class=\"wp-block-heading\">Mide tu Tiroides<\/h2>\n\n\n\n<p>La tiroides es una gl\u00e1ndula endocrina ubicada en la parte frontal del cuello. Su funci\u00f3n es producir y liberar las hormonas triyodotironina (T3) y tiroxina (T4), que participan en el control del metabolismo, la regulaci\u00f3n de la temperatura corporal y generan importantes efectos en la funci\u00f3n de \u00f3rganos y m\u00fasculos.<\/p>\n\n\n\n<p>Su alteraci\u00f3n est\u00e1 estrechamente vinculada a la disminuci\u00f3n o aumento en la producci\u00f3n de las hormonas tiroideas, lo que puede desencadenar una serie de enfermedades haciendo de las consultas m\u00e9dicas algo fundamental para obtener un diagn\u00f3stico y tratamiento oportuno.<\/p>\n\n\n\n<p>Actualmente, los avances tecnol\u00f3gicos ponen a disposici\u00f3n herramientas como <a href=\"https:\/\/www.thyroidaware.com\/es\/symptom-checker\/\"><strong>Mide Tu Tiroides<\/strong><\/a>, una plataforma desarrollada por Merck, compa\u00f1\u00eda alemana de ciencia y tecnolog\u00eda, que permite evaluar mediante un cuestionario virtual si el usuario posee alg\u00fan s\u00edntoma que podr\u00eda ser compatible con una alteraci\u00f3n en la tiroides.<\/p>\n\n\n\n<p>\u201cLa plataforma tiene un test sencillo que incluye preguntas sobre los s\u00edntomas. Se puede contestar en un par de minutos, y luego de indicar la probabilidad de tener alguna alteraci\u00f3n en la tiroides, permite agendar una cita con un especialista\u201d, comenta Cinthia Chareca, Medical Manager de Merck Group.<\/p>\n\n\n\n<h2 class=\"wp-block-heading\">Atenci\u00f3n a estas se\u00f1ales<\/h2>\n\n\n\n<p>De acuerdo con Victoria Novik Assael, endocrin\u00f3loga, diabet\u00f3loga y profesora de la Universidad de Valpara\u00edso y de la Universidad Andr\u00e9s Bello con sede en Vi\u00f1a del Mar, no existe una manera de prevenir las alteraciones de la gl\u00e1ndula tiroides, pero s\u00ed hay factores de prevalencia como la edad, el g\u00e9nero, uso de algunos medicamentos, antecedentes familiares y enfermedades autoinmunes.<\/p>\n\n\n\n<p>\u201cNo hay que chequear la tiroides a todo el mundo, hay que saber a qui\u00e9nes. Por ejemplo, a alguien que tiene s\u00edntomas, mujeres, adultos mayores de 60 a\u00f1os, y personas con patolog\u00edas como artritis, vit\u00edligo, anemia o diabetes tipo 1. Son estas personas en las que hay que buscar una disfunci\u00f3n tiroidea\u201d, explica.<\/p>\n\n\n\n<p>La especialista tambi\u00e9n recomienda prestar atenci\u00f3n a se\u00f1ales como el cansancio, presi\u00f3n baja, estre\u00f1imiento, resequedad de la piel, p\u00e9rdida de cabello o libido, taquicardia, diarrea, variaciones en el peso, cambios de humor o dolores musculares, pues podr\u00edan ser indicio de malfuncionamiento de la gl\u00e1ndula.<\/p>\n\n\n\n<p>\u201cLos s\u00edntomas se pueden confundir f\u00e1cilmente, por lo que es importante identificar si hay malestares o cambios repentinos en el cuerpo y consultar con un especialista ya que estos podr\u00edan ser provocados por un trastorno de la tiroides\u201d, concluye Chareca.<\/p>\n\n\n\n<hr class=\"wp-block-separator has-alpha-channel-opacity\"\/>\n\n\n\n<p><a href=\"#_ftnref1\" id=\"_ftn1\">[1]<\/a> Thyroid Federation International. Thyroid Patients Worldwide. Volume 25: September 2022. https:\/\/thyroid-fed.org\/wp-content\/uploads\/2022\/09\/TW25_2022_digital.pdf<\/p>\n\n\n\n<p><a href=\"#_ftnref2\" id=\"_ftn2\">[2]<\/a> Departamento de Epidemiolog\u00eda, Ministerio de Salud de Chile. Informe Encuesta Nacional de Salud 2016-2017. Trastornos de la funci\u00f3n tiroidea. http:\/\/epi.minsal.cl\/wp-content\/uploads\/2021\/08\/Informe_Trastornos_de_la_funcion_tiroidea_ENS_2016_17.pdf<\/p>\n","protected":false},"excerpt":{"rendered":"<p>La compa\u00f1\u00eda alemana de ciencia y tecnolog\u00eda Merck desarroll\u00f3 una herramienta con un cuestionario virtual que permite identificar se\u00f1ales de malfuncionamiento de la gl\u00e1ndula tiroides.<\/p>\n","protected":false},"author":1,"featured_media":12581,"comment_status":"closed","ping_status":"closed","sticky":false,"template":"","format":"standard","meta":{"footnotes":""},"categories":[3],"tags":[337,1907,273,132,247,133,1906],"class_list":["post-12580","post","type-post","status-publish","format-standard","has-post-thumbnail","hentry","category-al-dia","tag-informacion","tag-merc","tag-noticias","tag-osorno","tag-region-de-los-lagos","tag-semanario-local","tag-tiroides"],"_links":{"self":[{"href":"https:\/\/www.semanariolocal.cl\/index.php?rest_route=\/wp\/v2\/posts\/12580","targetHints":{"allow":["GET"]}}],"collection":[{"href":"https:\/\/www.semanariolocal.cl\/index.php?rest_route=\/wp\/v2\/posts"}],"about":[{"href":"https:\/\/www.semanariolocal.cl\/index.php?rest_route=\/wp\/v2\/types\/post"}],"author":[{"embeddable":true,"href":"https:\/\/www.semanariolocal.cl\/index.php?rest_route=\/wp\/v2\/users\/1"}],"replies":[{"embeddable":true,"href":"https:\/\/www.semanariolocal.cl\/index.php?rest_route=%2Fwp%2Fv2%2Fcomments&post=12580"}],"version-history":[{"count":1,"href":"https:\/\/www.semanariolocal.cl\/index.php?rest_route=\/wp\/v2\/posts\/12580\/revisions"}],"predecessor-version":[{"id":12582,"href":"https:\/\/www.semanariolocal.cl\/index.php?rest_route=\/wp\/v2\/posts\/12580\/revisions\/12582"}],"wp:featuredmedia":[{"embeddable":true,"href":"https:\/\/www.semanariolocal.cl\/index.php?rest_route=\/wp\/v2\/media\/12581"}],"wp:attachment":[{"href":"https:\/\/www.semanariolocal.cl\/index.php?rest_route=%2Fwp%2Fv2%2Fmedia&parent=12580"}],"wp:term":[{"taxonomy":"category","embeddable":true,"href":"https:\/\/www.semanariolocal.cl\/index.php?rest_route=%2Fwp%2Fv2%2Fcategories&post=12580"},{"taxonomy":"post_tag","embeddable":true,"href":"https:\/\/www.semanariolocal.cl\/index.php?rest_route=%2Fwp%2Fv2%2Ftags&post=12580"}],"curies":[{"name":"wp","href":"https:\/\/api.w.org\/{rel}","templated":true}]}}