{"id":12486,"date":"2023-05-18T06:35:00","date_gmt":"2023-05-18T10:35:00","guid":{"rendered":"https:\/\/www.semanariolocal.cl\/?p=12486"},"modified":"2023-05-19T11:58:08","modified_gmt":"2023-05-19T15:58:08","slug":"junji-inicia-semana-de-la-educacion-artistica-invitando-a-crear-universos-colectivos","status":"publish","type":"post","link":"https:\/\/www.semanariolocal.cl\/?p=12486","title":{"rendered":"Junji inicia semana de la educaci\u00f3n art\u00edstica invitando a crear universos colectivos"},"content":{"rendered":"\n<p>Bajo el lema \u201cCrear Universos Colectivos\u201d, la Semana de la Educaci\u00f3n Art\u00edstica 2023 se desarrollar\u00e1 entre el 15 y el 19 de mayo y convocar\u00e1 a una serie de actividades a lo largo del pa\u00eds que buscan reafirmar la importancia de las pr\u00e1cticas art\u00edsticas y la educaci\u00f3n a trav\u00e9s de las artes, tanto en el contexto escolar como en diferentes \u00e1mbitos formativos, tales como jardines infantiles, establecimientos educacionales, universidades, espacios culturales y comunitarios.<\/p>\n\n\n\n<p>La seremi de las Culturas, las Artes y el Patrimonio,&nbsp;<strong>Cristina A\u00f1asco,&nbsp;<\/strong>el director regional de la Junta Nacional de Jardines Infantiles (JUNJI),&nbsp;<strong>Francisco Oshiro,<\/strong>&nbsp;la vicerrectora de la UACH Sede Puerto Montt,&nbsp;<strong>Sandra Burgos,<\/strong>&nbsp;y representantes de la Subsecretar\u00eda de Educaci\u00f3n Parvularia, encabezaron el hito inicial en el jard\u00edn infantil \u201cMilla Ant\u00fc\u201d de la localidad de Alerce y presenciaron la obra \u00abUniversos paralelos\u00bb: \u00bfc\u00f3mo interpretan el mundo los ni\u00f1os y ni\u00f1as con trastorno del espectro autista TDA?<\/p>\n\n\n\n<p>Cristina A\u00f1asco se\u00f1al\u00f3 \u201cqueremos relevar el rol de las artes en promover una convivencia sana e inclusiva y en fomentar el reconocimiento y respeto de nuestras diferencias en los espacios educativos.&nbsp; El lema \u201cCreando Universos Colectivos\u201d es una invitaci\u00f3n a aprender y crear juntos desde y con las artes, contribuyendo al di\u00e1logo y al desarrollo integral de nuestros ni\u00f1os, ni\u00f1as y j\u00f3venes\u201d.<\/p>\n\n\n\n<p>A su vez, Francisco Oshiro destac\u00f3 \u201cel rescate de todo lo que nos puede aportar la educaci\u00f3n art\u00edstica; la JUNJI est\u00e1 comprometida a desarrollar la creatividad y la cultura, a trav\u00e9s del arte y las distintas expresiones que tenemos en la sociedad\u201d.<\/p>\n\n\n\n<p>Finalmente, Sandra Burgos &nbsp;agreg\u00f3 que \u201ccolaboramos desde \u00e1mbito acad\u00e9mico, porque creemos firmemente en la educaci\u00f3n integral\u201d.<\/p>\n\n\n\n<p>La Semana de la Educaci\u00f3n Art\u00edstica es organizada de manera conjunta por el Ministerio de las Culturas, las Artes y el Patrimonio, el Ministerio de Educaci\u00f3n, la Oficina Regional de Educaci\u00f3n para Am\u00e9rica Latina y el Caribe (OREALC\/UNESCO Santiago), Balmaceda Arte Joven, la Universidad de Chile y la Fundaci\u00f3n de Orquestas Juveniles e Infantiles (FOJI). Revisa todas las actividades de la Semana de la Educaci\u00f3n Art\u00edstica 2023, en la plataforma:&nbsp;<a href=\"https:\/\/semanaeducacionartistica.cultura.gob.cl\/\" target=\"_blank\" rel=\"noreferrer noopener\">https:\/\/semanaeducacionartistica.cultura.gob.cl<\/a>&nbsp;y en las redes sociales de la #SEA2023.<\/p>\n","protected":false},"excerpt":{"rendered":"<p> Se trata de una iniciativa internacional convocada por la UNESCO que busca sensibilizar en torno a la promoci\u00f3n de la diversidad cultural, el di\u00e1logo intercultural y la cohesi\u00f3n social.<\/p>\n","protected":false},"author":1,"featured_media":12487,"comment_status":"closed","ping_status":"closed","sticky":false,"template":"","format":"standard","meta":{"footnotes":""},"categories":[11],"tags":[1894,1893,77,337,35,273,132,113,247,133],"class_list":["post-12486","post","type-post","status-publish","format-standard","has-post-thumbnail","hentry","category-educacion","tag-adoctrinamiento","tag-colectivismo","tag-educacion","tag-informacion","tag-junji","tag-noticias","tag-osorno","tag-puerto-montt","tag-region-de-los-lagos","tag-semanario-local"],"_links":{"self":[{"href":"https:\/\/www.semanariolocal.cl\/index.php?rest_route=\/wp\/v2\/posts\/12486","targetHints":{"allow":["GET"]}}],"collection":[{"href":"https:\/\/www.semanariolocal.cl\/index.php?rest_route=\/wp\/v2\/posts"}],"about":[{"href":"https:\/\/www.semanariolocal.cl\/index.php?rest_route=\/wp\/v2\/types\/post"}],"author":[{"embeddable":true,"href":"https:\/\/www.semanariolocal.cl\/index.php?rest_route=\/wp\/v2\/users\/1"}],"replies":[{"embeddable":true,"href":"https:\/\/www.semanariolocal.cl\/index.php?rest_route=%2Fwp%2Fv2%2Fcomments&post=12486"}],"version-history":[{"count":1,"href":"https:\/\/www.semanariolocal.cl\/index.php?rest_route=\/wp\/v2\/posts\/12486\/revisions"}],"predecessor-version":[{"id":12488,"href":"https:\/\/www.semanariolocal.cl\/index.php?rest_route=\/wp\/v2\/posts\/12486\/revisions\/12488"}],"wp:featuredmedia":[{"embeddable":true,"href":"https:\/\/www.semanariolocal.cl\/index.php?rest_route=\/wp\/v2\/media\/12487"}],"wp:attachment":[{"href":"https:\/\/www.semanariolocal.cl\/index.php?rest_route=%2Fwp%2Fv2%2Fmedia&parent=12486"}],"wp:term":[{"taxonomy":"category","embeddable":true,"href":"https:\/\/www.semanariolocal.cl\/index.php?rest_route=%2Fwp%2Fv2%2Fcategories&post=12486"},{"taxonomy":"post_tag","embeddable":true,"href":"https:\/\/www.semanariolocal.cl\/index.php?rest_route=%2Fwp%2Fv2%2Ftags&post=12486"}],"curies":[{"name":"wp","href":"https:\/\/api.w.org\/{rel}","templated":true}]}}