{"id":12447,"date":"2023-05-17T07:00:00","date_gmt":"2023-05-17T11:00:00","guid":{"rendered":"https:\/\/www.semanariolocal.cl\/?p=12447"},"modified":"2023-05-17T11:28:32","modified_gmt":"2023-05-17T15:28:32","slug":"dia-mundial-del-reciclaje-reciclar-es-la-solucion","status":"publish","type":"post","link":"https:\/\/www.semanariolocal.cl\/?p=12447","title":{"rendered":"D\u00eda Mundial del Reciclaje: \u00bfReciclar es la soluci\u00f3n?"},"content":{"rendered":"\n<p>En el mundo se producen m\u00e1s de dos mil millones de toneladas de residuos al a\u00f1o, y se estima que, si no se toman medidas con car\u00e1cter de urgencia, se llegar\u00e1 a m\u00e1s de tres mil millones para el a\u00f1o 2050. En Chile se generan casi 17 millones de toneladas de residuos s\u00f3lidos anualmente, lo que corresponde a una de las tasas m\u00e1s altas en todo Latinoam\u00e9rica.<\/p>\n\n\n\n<p>Seg\u00fan las cifras del Ministerio de Medio Ambiente, cada persona genera diariamente en Chile 1,26 kilos de desechos, lo que lleva a que a nivel nacional se generen 24 mil toneladas al d\u00eda. Esto nos convierte en el pa\u00eds que m\u00e1s produce basura diaria por persona en todo Sudam\u00e9rica. Seg\u00fan el Informe del Estado del Medio Ambiente del a\u00f1o 2020, en el 2018 se produjeron alrededor de 8.1 millones de toneladas de residuos en casa, de los cuales aproximadamente solo un 1.5% fue reciclado.<\/p>\n\n\n\n<p>Quienes separamos nuestros residuos de manera particular sabemos que no es tarea f\u00e1cil por falta de informaci\u00f3n y educaci\u00f3n al respecto y la carencia de una infraestructura y mecanismos que faciliten el reciclaje domiciliario. Por lo general, tenemos que juntar nuestros residuos y llevarlos a un punto limpio generalmente articulado por privados. Si lo llevamos a cifras, el 45% de los municipios de Chile no tiene un servicio de reciclaje municipal y los que declaran tenerlo, var\u00edan desde los que solo disponen de un par de contenedores, hasta aquellos que han incorporado servicios para recolecci\u00f3n domiciliaria. Obviamente a mayor cantidad de recursos, mayor la posibilidad de reciclar, siendo una destacable excepci\u00f3n la comuna de La Pintana, municipalidad que tiene 15 a\u00f1os de experiencia reciclando vegetales y es un referente latinoamericano de compostaje.<\/p>\n\n\n\n<p>La invitaci\u00f3n que nos est\u00e1 haciendo el sistema de vida actual es indiscutiblemente a mirar la problem\u00e1tica de nuestros residuos de una manera mucho m\u00e1s amplia. La pr\u00e1ctica del reciclaje es milenaria, antes fund\u00edan el metal para transformarlo varias veces. Ahora, nosotros hemos adquirido esta pr\u00e1ctica como la soluci\u00f3n a todos los problemas del exceso de generaci\u00f3n de desechos, pero creo firmemente en que hay muchas decisiones que debemos tomar antes de reciclar.<\/p>\n\n\n\n<p>La primera es informarnos, leer etiquetas, investigar y ser ciudadanos empoderados de nuestro consumo. D\u00eda a d\u00eda ejercemos un voto de confianza comprando a las empresas sus productos y servicios y somos patrocinadores de ellas cuando invertimos nuestro dinero en ello. Saber qu\u00e9 y a qui\u00e9n le estamos comprando nos permitir\u00e1 rechazar todo aquel producto o servicio que le hace mal a la salud, a la sociedad y al planeta.<\/p>\n\n\n\n<p>Reducir tu consumo es fundamental, preg\u00fantate si realmente necesitas eso que vas a comprar. En caso de tener que adquirir algo, procura que sea de origen nacional, hecho por emprendimientos que practiquen el comercio justo y apoya con tu dinero a la industria local promoviendo tambi\u00e9n los oficios.<\/p>\n\n\n\n<p>Reutiliza lo que ya tienes y vive m\u00e1s simple vuelve a utilizar las cosas y dales la mayor utilidad posible antes de que llegue la hora de deshacerte de ellas, as\u00ed disminuyes el volumen de basura que est\u00e1s generando y de paso ahorrar\u00e1s much\u00edsimo dinero en tu casa.<\/p>\n\n\n\n<p>El reciclaje debe de ser la \u00faltima opci\u00f3n si es que las otras decisiones no funcionaron, o en su defecto, el reciclaje es inevitable. El reciclaje es una manera de aprovechar los materiales y eso me parece bien, sin embargo, hay que recordar que reciclar tambi\u00e9n gasta energ\u00eda y recursos. Tenemos en nuestras manos la f\u00f3rmula para evitarnos esas cifras espeluznantes de residuos que generamos como humanidad. Todos hemos visto la cantidad de desechos que hay en el planeta, y aunque haya plantas de tratamiento, las cuales, en algunos casos, nos ayuden a controlar y darle un segundo uso a los residuos, tampoco son la soluci\u00f3n al grave problema de los residuos que generamos.<\/p>\n\n\n\n<p>Sumado al contexto anterior, esta semana del reciclaje nos recibe con la noticia de que Chile, por cuarto a\u00f1o consecutivo, es el primer pa\u00eds de Am\u00e9rica Latina en entrar en sobregiro ecol\u00f3gico, lo que se traduce en que necesitar\u00edamos 3 planetas Tierra para sustentar nuestras necesidades si todas las personas del mundo vivieran como lo hace una persona en Chile.<\/p>\n\n\n\n<p><strong>Cata Droguett &#8211; Escritora, periodista y conferencista en Sustentabilidad<\/strong><strong><\/strong><\/p>\n","protected":false},"excerpt":{"rendered":"<p>Quienes separamos nuestros residuos de manera particular sabemos que no es tarea f\u00e1cil por falta de informaci\u00f3n y educaci\u00f3n al respecto y la carencia de una infraestructura y mecanismos que faciliten el reciclaje domiciliario.<\/p>\n","protected":false},"author":1,"featured_media":12448,"comment_status":"closed","ping_status":"closed","sticky":false,"template":"","format":"standard","meta":{"footnotes":""},"categories":[3],"tags":[337,260,273,132,1488,247,133],"class_list":["post-12447","post","type-post","status-publish","format-standard","has-post-thumbnail","hentry","category-al-dia","tag-informacion","tag-medio-ambiente","tag-noticias","tag-osorno","tag-reciclaje","tag-region-de-los-lagos","tag-semanario-local"],"_links":{"self":[{"href":"https:\/\/www.semanariolocal.cl\/index.php?rest_route=\/wp\/v2\/posts\/12447","targetHints":{"allow":["GET"]}}],"collection":[{"href":"https:\/\/www.semanariolocal.cl\/index.php?rest_route=\/wp\/v2\/posts"}],"about":[{"href":"https:\/\/www.semanariolocal.cl\/index.php?rest_route=\/wp\/v2\/types\/post"}],"author":[{"embeddable":true,"href":"https:\/\/www.semanariolocal.cl\/index.php?rest_route=\/wp\/v2\/users\/1"}],"replies":[{"embeddable":true,"href":"https:\/\/www.semanariolocal.cl\/index.php?rest_route=%2Fwp%2Fv2%2Fcomments&post=12447"}],"version-history":[{"count":1,"href":"https:\/\/www.semanariolocal.cl\/index.php?rest_route=\/wp\/v2\/posts\/12447\/revisions"}],"predecessor-version":[{"id":12449,"href":"https:\/\/www.semanariolocal.cl\/index.php?rest_route=\/wp\/v2\/posts\/12447\/revisions\/12449"}],"wp:featuredmedia":[{"embeddable":true,"href":"https:\/\/www.semanariolocal.cl\/index.php?rest_route=\/wp\/v2\/media\/12448"}],"wp:attachment":[{"href":"https:\/\/www.semanariolocal.cl\/index.php?rest_route=%2Fwp%2Fv2%2Fmedia&parent=12447"}],"wp:term":[{"taxonomy":"category","embeddable":true,"href":"https:\/\/www.semanariolocal.cl\/index.php?rest_route=%2Fwp%2Fv2%2Fcategories&post=12447"},{"taxonomy":"post_tag","embeddable":true,"href":"https:\/\/www.semanariolocal.cl\/index.php?rest_route=%2Fwp%2Fv2%2Ftags&post=12447"}],"curies":[{"name":"wp","href":"https:\/\/api.w.org\/{rel}","templated":true}]}}