{"id":12200,"date":"2023-05-08T20:30:18","date_gmt":"2023-05-09T00:30:18","guid":{"rendered":"https:\/\/www.semanariolocal.cl\/?p=12200"},"modified":"2023-05-08T20:30:19","modified_gmt":"2023-05-09T00:30:19","slug":"deportistas-de-la-region-destacan-en-juegos-para-araucania-efectuados-en-temuco","status":"publish","type":"post","link":"https:\/\/www.semanariolocal.cl\/?p=12200","title":{"rendered":"Deportistas de la regi\u00f3n destacan en Juegos Para Araucan\u00eda efectuados en Temuco"},"content":{"rendered":"\n<p>Con un total de 17 medallas regres\u00f3 la delegaci\u00f3n de deportistas de la Regi\u00f3n de Los Lagos que compiti\u00f3 en las disciplinas de Para Atletismo y Para Nataci\u00f3n, en los II Juegos Para Araucan\u00eda realizados en Temuco.<\/p>\n\n\n\n<p>Las medallas conquistadas en Para Atletismo son ocho de oro, dos de plata y una de bronce, de esta manera, los primeros lugares fueron para los deportistas Benjam\u00edn C\u00e1rdenas, en el lanzamiento disco categor\u00eda F51; Pilar Truyao, en los lanzamientos&nbsp; del disco y jabalina en la categor\u00eda F13; V\u00edctor Ojeda, en los 100 y 400 metros planos categor\u00eda T54; Pablo Contreras, en los 5.000 y 1.500 metros categor\u00eda T13 e Ivana Maripan en los 800 metros categor\u00eda T20; mientras que las preseas de plata fueron de Ivana Maripan, en los 400 metros categor\u00eda T20 y Antonio \u00c1guila en los 800 metros, categor\u00eda T20 y finalmente la medalla de bronce fue conseguida por Pilar Truyao, en el lanzamiento de la bala categor\u00eda F13.<\/p>\n\n\n\n<p>En tanto, en la disciplina de Para Nataci\u00f3n, los deportistas lograron cinco medallas de oro y una de plata, obteniendo los primeros lugares Angelina Ampuero en los 50 metros estilo libre, 200 metros combinado y 100 metros libre y Joaqu\u00edn Frene logr\u00f3 medalla de oro en los 50 metros espalda y 50 metros libre, quien tambi\u00e9n sum\u00f3 una presea de plata en los 100 metros libre.<\/p>\n\n\n\n<p>La Seremi del Deporte, Carolina Urrutia, acompa\u00f1\u00f3 a los deportistas en las jornadas de competencias, donde aplaudi\u00f3 los triunfos de los participantes y entreg\u00f3 medallas a los ganadores, felicit\u00e1ndolos por su desempe\u00f1o y logros obtenidos.&nbsp;<\/p>\n","protected":false},"excerpt":{"rendered":"<p>Este certamen congreg\u00f3 a competidores chilenos de las regiones de \u00d1uble, B\u00edo B\u00edo, La Araucan\u00eda, Los R\u00edos, Los Lagos, Ays\u00e9n y Magallanes y argentinos de las Provincias de La Pampa, Neuqu\u00e9n, R\u00edo Negro, Chubut, Santa Cruz y Tierra del Fuego.<\/p>\n","protected":false},"author":1,"featured_media":12201,"comment_status":"closed","ping_status":"closed","sticky":false,"template":"","format":"standard","meta":{"footnotes":""},"categories":[3],"tags":[59,337,1850,63,836,1598,273,132,113,247,133],"class_list":["post-12200","post","type-post","status-publish","format-standard","has-post-thumbnail","hentry","category-al-dia","tag-ind","tag-informacion","tag-jugos-paralimpicos","tag-mindep","tag-mindep-los-lagos","tag-ministerio-del-deporte","tag-noticias","tag-osorno","tag-puerto-montt","tag-region-de-los-lagos","tag-semanario-local"],"_links":{"self":[{"href":"https:\/\/www.semanariolocal.cl\/index.php?rest_route=\/wp\/v2\/posts\/12200","targetHints":{"allow":["GET"]}}],"collection":[{"href":"https:\/\/www.semanariolocal.cl\/index.php?rest_route=\/wp\/v2\/posts"}],"about":[{"href":"https:\/\/www.semanariolocal.cl\/index.php?rest_route=\/wp\/v2\/types\/post"}],"author":[{"embeddable":true,"href":"https:\/\/www.semanariolocal.cl\/index.php?rest_route=\/wp\/v2\/users\/1"}],"replies":[{"embeddable":true,"href":"https:\/\/www.semanariolocal.cl\/index.php?rest_route=%2Fwp%2Fv2%2Fcomments&post=12200"}],"version-history":[{"count":1,"href":"https:\/\/www.semanariolocal.cl\/index.php?rest_route=\/wp\/v2\/posts\/12200\/revisions"}],"predecessor-version":[{"id":12202,"href":"https:\/\/www.semanariolocal.cl\/index.php?rest_route=\/wp\/v2\/posts\/12200\/revisions\/12202"}],"wp:featuredmedia":[{"embeddable":true,"href":"https:\/\/www.semanariolocal.cl\/index.php?rest_route=\/wp\/v2\/media\/12201"}],"wp:attachment":[{"href":"https:\/\/www.semanariolocal.cl\/index.php?rest_route=%2Fwp%2Fv2%2Fmedia&parent=12200"}],"wp:term":[{"taxonomy":"category","embeddable":true,"href":"https:\/\/www.semanariolocal.cl\/index.php?rest_route=%2Fwp%2Fv2%2Fcategories&post=12200"},{"taxonomy":"post_tag","embeddable":true,"href":"https:\/\/www.semanariolocal.cl\/index.php?rest_route=%2Fwp%2Fv2%2Ftags&post=12200"}],"curies":[{"name":"wp","href":"https:\/\/api.w.org\/{rel}","templated":true}]}}