{"id":12197,"date":"2023-05-08T20:24:06","date_gmt":"2023-05-09T00:24:06","guid":{"rendered":"https:\/\/www.semanariolocal.cl\/?p=12197"},"modified":"2023-05-09T17:50:46","modified_gmt":"2023-05-09T21:50:46","slug":"es-posible-una-geotormenta-capaz-de-apagar-redes-electricas-y-telecomunicaciones","status":"publish","type":"post","link":"https:\/\/www.semanariolocal.cl\/?p=12197","title":{"rendered":"\u00bfEs posible una geotormenta capaz de apagar redes el\u00e9ctricas y telecomunicaciones?"},"content":{"rendered":"\n<p>Bajo el t\u00edtulo \u201cOcurrencia de Tormentas Geomagn\u00e9ticas y su Relaci\u00f3n con las Fases de los Ciclos Solares\u201d, investigadores de la Universidad de Chile y uno de la Universidad de Santiago, analizaron si es posible que ocurra una geotormenta capaz de apagar redes el\u00e9ctricas y telecomunicaciones.<\/p>\n\n\n\n<p>V\u00edctor Pinto, f\u00edsico y acad\u00e9mico de la Usach, parte contextualizando que a trav\u00e9s de la historia ha habido reportes de tormentas geomagn\u00e9ticas con impacto de proporciones en la tierra. En 1859, por ejemplo, ocurri\u00f3 una tormenta solar conocida como evento Carrington.<\/p>\n\n\n\n<p>\u201cUno sabe que hist\u00f3ricamente estas cosas suceden y que van a suceder de nuevo. Es un fen\u00f3meno c\u00edclico. Y el estudio que nosotros hicimos fue estudiar la probabilidad de que un fen\u00f3meno de tal magnitud, extremo, pueda ocurrir\u201d, dijo el especialista.<\/p>\n\n\n\n<p>En esa \u00edndole, fue claro: \u201cEncontramos cu\u00e1l es la probabilidad y es que estos eventos grandes debieran ocurrir cada 100 o 200 a\u00f1os. En los pr\u00f3ximos 2 o 3 a\u00f1os viene el m\u00e1ximo solar donde es com\u00fan que ocurran tormentas geomagn\u00e9ticas, pero no todas estas tormentas son mega eventos o extremas\u00bb, se\u00f1al\u00f3, a\u00f1adiendo que no es algo inminente como se dijo en algunos medios.&nbsp;<\/p>\n\n\n\n<p>Finalmente, sobre c\u00f3mo se puede uno preparar, advirti\u00f3 que \u201cno es el ciudadano promedio el que tiene que tomar las precauciones porque esto afecta principalmente a las grandes estructuras, por lo que tiene que ser a nivel gubernamental\u201d.&nbsp;<\/p>\n\n\n\n<p>\u201cEn pa\u00edses como Estados Unidos o Inglaterra tienen una mitigaci\u00f3n y prevenci\u00f3n de fen\u00f3menos de clima espacial. En Chile no tenemos nada formal, pero s\u00ed se han trabajado en reportes de que el clima espacial puede afectar a estas estructuras claves\u201d, cerr\u00f3.<\/p>\n","protected":false},"excerpt":{"rendered":"<p>Bajo el t\u00edtulo \u201cOcurrencia de Tormentas Geomagn\u00e9ticas y su Relaci\u00f3n con las Fases de los Ciclos Solares\u201d, investigadores de la Universidad de Chile y uno de la Universidad de Santiago, analizaron si es posible que ocurra una geotormenta capaz de apagar redes el\u00e9ctricas y telecomunicaciones. V\u00edctor Pinto, f\u00edsico y acad\u00e9mico de la Usach, parte contextualizando&#8230;<a class=\"btnReadMore\" href=\"https:\/\/www.semanariolocal.cl\/?p=12197\"> Leer M\u00e1s<\/a><\/p>\n","protected":false},"author":1,"featured_media":12198,"comment_status":"closed","ping_status":"closed","sticky":false,"template":"","format":"standard","meta":{"footnotes":""},"categories":[3],"tags":[1847,337,273,132,247,133,1848],"class_list":["post-12197","post","type-post","status-publish","format-standard","has-post-thumbnail","hentry","category-al-dia","tag-geo-tormenta","tag-informacion","tag-noticias","tag-osorno","tag-region-de-los-lagos","tag-semanario-local","tag-tormenta-solar"],"_links":{"self":[{"href":"https:\/\/www.semanariolocal.cl\/index.php?rest_route=\/wp\/v2\/posts\/12197","targetHints":{"allow":["GET"]}}],"collection":[{"href":"https:\/\/www.semanariolocal.cl\/index.php?rest_route=\/wp\/v2\/posts"}],"about":[{"href":"https:\/\/www.semanariolocal.cl\/index.php?rest_route=\/wp\/v2\/types\/post"}],"author":[{"embeddable":true,"href":"https:\/\/www.semanariolocal.cl\/index.php?rest_route=\/wp\/v2\/users\/1"}],"replies":[{"embeddable":true,"href":"https:\/\/www.semanariolocal.cl\/index.php?rest_route=%2Fwp%2Fv2%2Fcomments&post=12197"}],"version-history":[{"count":2,"href":"https:\/\/www.semanariolocal.cl\/index.php?rest_route=\/wp\/v2\/posts\/12197\/revisions"}],"predecessor-version":[{"id":12235,"href":"https:\/\/www.semanariolocal.cl\/index.php?rest_route=\/wp\/v2\/posts\/12197\/revisions\/12235"}],"wp:featuredmedia":[{"embeddable":true,"href":"https:\/\/www.semanariolocal.cl\/index.php?rest_route=\/wp\/v2\/media\/12198"}],"wp:attachment":[{"href":"https:\/\/www.semanariolocal.cl\/index.php?rest_route=%2Fwp%2Fv2%2Fmedia&parent=12197"}],"wp:term":[{"taxonomy":"category","embeddable":true,"href":"https:\/\/www.semanariolocal.cl\/index.php?rest_route=%2Fwp%2Fv2%2Fcategories&post=12197"},{"taxonomy":"post_tag","embeddable":true,"href":"https:\/\/www.semanariolocal.cl\/index.php?rest_route=%2Fwp%2Fv2%2Ftags&post=12197"}],"curies":[{"name":"wp","href":"https:\/\/api.w.org\/{rel}","templated":true}]}}