{"id":12191,"date":"2023-05-08T20:10:35","date_gmt":"2023-05-09T00:10:35","guid":{"rendered":"https:\/\/www.semanariolocal.cl\/?p=12191"},"modified":"2023-05-08T20:11:34","modified_gmt":"2023-05-09T00:11:34","slug":"bomberos-de-osorno-visitaron-centro-de-control-de-saesa","status":"publish","type":"post","link":"https:\/\/www.semanariolocal.cl\/?p=12191","title":{"rendered":"Bomberos de Osorno visitaron centro de control de Saesa"},"content":{"rendered":"\n<p>Con la finalidad de optimizar los tiempos de respuesta ante cualquier emergencia que implique la desconexi\u00f3n de la energ\u00eda el\u00e9ctrica por parte de Saesa, es que representantes del Cuerpo de Bomberos de Osorno se reuni\u00f3 con ejecutivos de Saesa en el Centro de Control de Distribuci\u00f3n (CCD) de la compa\u00f1\u00eda para conocer en detalle la labor que realizan los trabajadores en este centro de control.<\/p>\n\n\n\n<p>En ese contexto, desde el Cuerpo de Bomberos de Osorno valoraron este encuentro ya que potencia el trabajo en conjunto entre bomberos y otras instituciones para reducir los tiempos de acci\u00f3n en caso de necesitar cortar r\u00e1pidamente la energ\u00eda el\u00e9ctrica ante alguna eventualidad como un incendio, o un accidente de tr\u00e1nsito, entre otros incidentes.<\/p>\n\n\n\n<p>Para el jefe de Servicio al Cliente de Saesa en Osorno, Luis Fuentes \u201cesto nos ha permitido mayor acercamiento con la instituci\u00f3n, lo que nos llena de orgullo, ya que cuando hay alguna emergencia la coordinaci\u00f3n entre nuestros equipos es fundamental para disminuir los tiempos de acci\u00f3n que sabemos que en caso de emergencia, todo segundo es importante para salvar vidas, por lo que esperamos poder ir potenciando esta iniciativa\u201d.<\/p>\n\n\n\n<p>Felipe Ponce, comandante del Cuerpo de Bomberos de Osorno se\u00f1al\u00f3 que fue una reuni\u00f3n muy positiva pues \u201cse estableci\u00f3 una especie de protocolo y una forma de trabajar para poder minimizar los tiempos de respuesta ante posibles situaciones de emergencia en donde se necesite la llegada r\u00e1pida del Grupo Saesa\u201d.<\/p>\n\n\n\n<p>Ponce adem\u00e1s destac\u00f3 que \u201cse estableci\u00f3 el n\u00famero directo en este caso con la sala de control para evitar una triangulaci\u00f3n mayor y que sea una comunicaci\u00f3n mucho m\u00e1s fluida. Por otra parte, se va a instruir a la instituci\u00f3n de que en caso tener claridad cuando se requiera de alg\u00fan corte r\u00e1pido por alguna extracci\u00f3n, se informe al centro de control para que corte el suministro y asegurar el \u00e1rea de trabajo en forma r\u00e1pida\u201d.<\/p>\n\n\n\n<p>Desde la compa\u00f1\u00eda, adem\u00e1s hicieron un llamado para que, en caso de dudas o consultas, los vecinos pueden utilizar los nuevos canales digitales con los que cuenta la empresa, estos son el bot\u00f3n Estoy Sin Luz, que se encuentra en la oficina virtual&nbsp;<a href=\"http:\/\/www.saesa.cl\/\" target=\"_blank\" rel=\"noreferrer noopener\">www.saesa.cl<\/a>&nbsp;o tambi\u00e9n descargando la aplicaci\u00f3n Saesa para tel\u00e9fonos m\u00f3viles. Tambi\u00e9n pueden utilizar los canales de contacto tradicionales como la l\u00ednea gratuita 800 600 801 para Saesa, 800 600 804 para Luz Osorno, adem\u00e1s de las plataformas de Twitter @Saesa y Facebook @Saesa.<\/p>\n","protected":false},"excerpt":{"rendered":"<p>Esta instancia tuvo como objetivo coordinar acciones ante eventuales emergencias.<\/p>\n","protected":false},"author":1,"featured_media":12192,"comment_status":"closed","ping_status":"closed","sticky":false,"template":"","format":"standard","meta":{"footnotes":""},"categories":[3],"tags":[880,337,273,132,247,1820,133],"class_list":["post-12191","post","type-post","status-publish","format-standard","has-post-thumbnail","hentry","category-al-dia","tag-bomberos","tag-informacion","tag-noticias","tag-osorno","tag-region-de-los-lagos","tag-saesa","tag-semanario-local"],"_links":{"self":[{"href":"https:\/\/www.semanariolocal.cl\/index.php?rest_route=\/wp\/v2\/posts\/12191","targetHints":{"allow":["GET"]}}],"collection":[{"href":"https:\/\/www.semanariolocal.cl\/index.php?rest_route=\/wp\/v2\/posts"}],"about":[{"href":"https:\/\/www.semanariolocal.cl\/index.php?rest_route=\/wp\/v2\/types\/post"}],"author":[{"embeddable":true,"href":"https:\/\/www.semanariolocal.cl\/index.php?rest_route=\/wp\/v2\/users\/1"}],"replies":[{"embeddable":true,"href":"https:\/\/www.semanariolocal.cl\/index.php?rest_route=%2Fwp%2Fv2%2Fcomments&post=12191"}],"version-history":[{"count":1,"href":"https:\/\/www.semanariolocal.cl\/index.php?rest_route=\/wp\/v2\/posts\/12191\/revisions"}],"predecessor-version":[{"id":12193,"href":"https:\/\/www.semanariolocal.cl\/index.php?rest_route=\/wp\/v2\/posts\/12191\/revisions\/12193"}],"wp:featuredmedia":[{"embeddable":true,"href":"https:\/\/www.semanariolocal.cl\/index.php?rest_route=\/wp\/v2\/media\/12192"}],"wp:attachment":[{"href":"https:\/\/www.semanariolocal.cl\/index.php?rest_route=%2Fwp%2Fv2%2Fmedia&parent=12191"}],"wp:term":[{"taxonomy":"category","embeddable":true,"href":"https:\/\/www.semanariolocal.cl\/index.php?rest_route=%2Fwp%2Fv2%2Fcategories&post=12191"},{"taxonomy":"post_tag","embeddable":true,"href":"https:\/\/www.semanariolocal.cl\/index.php?rest_route=%2Fwp%2Fv2%2Ftags&post=12191"}],"curies":[{"name":"wp","href":"https:\/\/api.w.org\/{rel}","templated":true}]}}