{"id":12188,"date":"2023-05-06T19:33:14","date_gmt":"2023-05-06T23:33:14","guid":{"rendered":"https:\/\/www.semanariolocal.cl\/?p=12188"},"modified":"2023-05-06T19:33:15","modified_gmt":"2023-05-06T23:33:15","slug":"50-familias-del-comite-ruca-peni-de-purranque-cumplieron-el-sueno-de-la-casa-propia","status":"publish","type":"post","link":"https:\/\/www.semanariolocal.cl\/?p=12188","title":{"rendered":"50 familias del Comit\u00e9 Ruca Pe\u00f1i de Purranque cumplieron el sue\u00f1o de la casa propia"},"content":{"rendered":"\n<p>La tarde de este reci\u00e9n pasado viernes 5 de mayo, se entregaron las llaves de 50 viviendas sociales para el Comit\u00e9 Ruca Pe\u00f1i de Purranque, cumpliendo un anhelo de m\u00e1s de 10 a\u00f1os.<\/p>\n\n\n\n<p>Son cientos de vecinos y vecinas de la comuna de Purranque que dejar\u00e1n el arriendo en el olvido, luego de un trabajo en conjunto de las diferentes reparticiones del Estado.<\/p>\n\n\n\n<p>La presidenta del Comit\u00e9 Habitacional Ruca Pe\u00f1i, Floridema Manqui, demostr\u00f3 su felicidad indicando que: <em>\u201cEs un sue\u00f1o cumplido, gracias a dios, porque hoy tenemos nuestra casa propia, despu\u00e9s de tantos a\u00f1os, fueron 14 a\u00f1os en total, pero desde que tom\u00e9 el Comit\u00e9 son 7 a\u00f1os, que empezamos a trabajamos a trabajar con la Egis (Entidad Patrocinante)\u2026 Feliz de la vida, feliz, feliz\u201d.<\/em><\/p>\n\n\n\n<p>&nbsp;As\u00ed mismo, para la administraci\u00f3n del alcalde de Purranque, C\u00e9sar Crot Vargas, este es un avance en la disminuci\u00f3n del d\u00e9ficit habitacional, asegurando que: <em>\u201cTan feliz como las personas que han recibido este enorme beneficio, porque viene a descomprimir en cierta parte la alta necesidad\u2026Estamos preocupado tambi\u00e9n porque estos beneficio deben llegar al sector rural a trav\u00e9s de proyecto de sitios propios, tenemos que hacerlo proliferar y que se fortalezcan. A su vez, tenemos un compromiso, puesto que de aqu\u00ed al termino del 2024, debe haber por lo menos un avance cercano a las 450 viviendas construidas en Purranque\u201d.<\/em><\/p>\n\n\n\n<p>El Seremi de Vivienda y Urbanismo, Fabi\u00e1n Nail, precis\u00f3 que: <em>\u201cComo Gobierno, de nuestro presidente Gabriel Boric, hemos establecido el Plan de Emergencia Habitacional que nos plantea ciertos desaf\u00edos para abordar la tremenda demanda habitacional que tenemos en nuestro pa\u00eds y para eso hemos destinado una estrategia que nos permite abordar este d\u00e9ficit con metas para cada una de nuestras comunas y en particular para Purranque tambi\u00e9n\u2026Y hoy estamos m\u00e1s contento que nunca por poder dar el sue\u00f1o de la casa propia a estas 50 familias aqu\u00ed en la comuna\u201d.<\/em><\/p>\n\n\n\n<p>Finalmente, este proyecto financiado con recursos p\u00fablicos del Fondo Solidario de Elecci\u00f3n de Viviendas permite al Gobierno de Chile avanzar en el Plan de Emergencia Habitacional que a nivel regional alcanza un 20%.<\/p>\n","protected":false},"excerpt":{"rendered":"<p>El proyecto habitacional se enmarca dentro del Plan de Emergencia Habitacional del Minvu donde el alcalde de Purranque, C\u00e9sar Crot, comprometi\u00f3 la entrega de cerca de 400 viviendas en la comuna para contribuir en la disminuci\u00f3n del d\u00e9ficit habitacional.<\/p>\n","protected":false},"author":1,"featured_media":12189,"comment_status":"closed","ping_status":"closed","sticky":false,"template":"","format":"standard","meta":{"footnotes":""},"categories":[3],"tags":[1265,337,273,1263,247,133],"class_list":["post-12188","post","type-post","status-publish","format-standard","has-post-thumbnail","hentry","category-al-dia","tag-alcalde-de-purranque","tag-informacion","tag-noticias","tag-purranque","tag-region-de-los-lagos","tag-semanario-local"],"_links":{"self":[{"href":"https:\/\/www.semanariolocal.cl\/index.php?rest_route=\/wp\/v2\/posts\/12188","targetHints":{"allow":["GET"]}}],"collection":[{"href":"https:\/\/www.semanariolocal.cl\/index.php?rest_route=\/wp\/v2\/posts"}],"about":[{"href":"https:\/\/www.semanariolocal.cl\/index.php?rest_route=\/wp\/v2\/types\/post"}],"author":[{"embeddable":true,"href":"https:\/\/www.semanariolocal.cl\/index.php?rest_route=\/wp\/v2\/users\/1"}],"replies":[{"embeddable":true,"href":"https:\/\/www.semanariolocal.cl\/index.php?rest_route=%2Fwp%2Fv2%2Fcomments&post=12188"}],"version-history":[{"count":1,"href":"https:\/\/www.semanariolocal.cl\/index.php?rest_route=\/wp\/v2\/posts\/12188\/revisions"}],"predecessor-version":[{"id":12190,"href":"https:\/\/www.semanariolocal.cl\/index.php?rest_route=\/wp\/v2\/posts\/12188\/revisions\/12190"}],"wp:featuredmedia":[{"embeddable":true,"href":"https:\/\/www.semanariolocal.cl\/index.php?rest_route=\/wp\/v2\/media\/12189"}],"wp:attachment":[{"href":"https:\/\/www.semanariolocal.cl\/index.php?rest_route=%2Fwp%2Fv2%2Fmedia&parent=12188"}],"wp:term":[{"taxonomy":"category","embeddable":true,"href":"https:\/\/www.semanariolocal.cl\/index.php?rest_route=%2Fwp%2Fv2%2Fcategories&post=12188"},{"taxonomy":"post_tag","embeddable":true,"href":"https:\/\/www.semanariolocal.cl\/index.php?rest_route=%2Fwp%2Fv2%2Ftags&post=12188"}],"curies":[{"name":"wp","href":"https:\/\/api.w.org\/{rel}","templated":true}]}}