{"id":12182,"date":"2023-05-06T07:00:00","date_gmt":"2023-05-06T11:00:00","guid":{"rendered":"https:\/\/www.semanariolocal.cl\/?p=12182"},"modified":"2023-05-06T19:18:52","modified_gmt":"2023-05-06T23:18:52","slug":"sergio-willer-fue-confirmado-como-presidente-del-directorio-de-sago-a-g","status":"publish","type":"post","link":"https:\/\/www.semanariolocal.cl\/?p=12182","title":{"rendered":"Sergio Willer  fue confirmado como Presidente del Directorio de SAGO A.G."},"content":{"rendered":"\n<p>El directorio de la&nbsp;<strong>Sociedad Agr\u00edcola y Ganadera de Osorno A.G<\/strong>., confirm\u00f3 como&nbsp;<strong>Presidente de su Consejo Directivo por el per\u00edodo 2023-2024<\/strong>, a&nbsp;<strong>Sergio Willer Daniel<\/strong>.<\/p>\n\n\n\n<p>La decisi\u00f3n de los integrantes de la mesa, adoptada en la reuni\u00f3n de Directorio convocada con este fin, permiti\u00f3 completar la renovaci\u00f3n del Consejo Directivo del Gremio, proceso iniciado en el pasado mes de abril, cuando los socios eligieron a cinco directores, de acuerdo con los estatutos de SAGO A.G..<\/p>\n\n\n\n<p>De este modo, el Consejo Directivo para los pr\u00f3ximos 12 meses, qued\u00f3 encabezado por&nbsp;<strong>Sergio Willer Daniel<\/strong>&nbsp;como presidente; y por&nbsp;<strong>Adriana Mohr Th\u00f6ne<\/strong>, como vicepresidente.<\/p>\n\n\n\n<p>En tanto, como directores, integrar\u00e1n la mesa del gremio, la se\u00f1orita&nbsp;<strong>Karen W\u00fcnderlich Arismendy<\/strong>; y los se\u00f1ores&nbsp;<strong>Ricardo Montesinos Iroum\u00e9, Joaquin Biewer Meller<\/strong>,&nbsp;<strong>Jorge Momberg B\u00f3rquez<\/strong>, y&nbsp;<strong>Cristi\u00e1n Parra Hern\u00e1ndez<\/strong>.<\/p>\n\n\n\n<p>Tras su confirmaci\u00f3n en el cargo, y adem\u00e1s de agradecer la confianza de los socios del Gremio, y de los integrantes del Consejo Directivo, Sergio Willer reafirm\u00f3 el compromiso de SAGO A.G., sus socios, y su equipo, de trabajar para que toda la comunidad, especialmente en la provincia de Osorno, pueda sentir orgullo de la actividad agr\u00edcola y ganadera que se desarrolla para alimentar a las familias del pa\u00eds, con productos de calidad&nbsp; que se cultivan, y cuidan en el territorio de la regi\u00f3n de Los Lagos.<\/p>\n","protected":false},"excerpt":{"rendered":"<p>Reuni\u00f3n de constituci\u00f3n del Directorio 2023-2024 finaliz\u00f3 el proceso de renovaci\u00f3n del Consejo Directivo de acuerdo con los estatutos del Gremio.<\/p>\n","protected":false},"author":1,"featured_media":12183,"comment_status":"closed","ping_status":"closed","sticky":false,"template":"","format":"standard","meta":{"footnotes":""},"categories":[3],"tags":[337,273,132,247,133],"class_list":["post-12182","post","type-post","status-publish","format-standard","has-post-thumbnail","hentry","category-al-dia","tag-informacion","tag-noticias","tag-osorno","tag-region-de-los-lagos","tag-semanario-local"],"_links":{"self":[{"href":"https:\/\/www.semanariolocal.cl\/index.php?rest_route=\/wp\/v2\/posts\/12182","targetHints":{"allow":["GET"]}}],"collection":[{"href":"https:\/\/www.semanariolocal.cl\/index.php?rest_route=\/wp\/v2\/posts"}],"about":[{"href":"https:\/\/www.semanariolocal.cl\/index.php?rest_route=\/wp\/v2\/types\/post"}],"author":[{"embeddable":true,"href":"https:\/\/www.semanariolocal.cl\/index.php?rest_route=\/wp\/v2\/users\/1"}],"replies":[{"embeddable":true,"href":"https:\/\/www.semanariolocal.cl\/index.php?rest_route=%2Fwp%2Fv2%2Fcomments&post=12182"}],"version-history":[{"count":1,"href":"https:\/\/www.semanariolocal.cl\/index.php?rest_route=\/wp\/v2\/posts\/12182\/revisions"}],"predecessor-version":[{"id":12184,"href":"https:\/\/www.semanariolocal.cl\/index.php?rest_route=\/wp\/v2\/posts\/12182\/revisions\/12184"}],"wp:featuredmedia":[{"embeddable":true,"href":"https:\/\/www.semanariolocal.cl\/index.php?rest_route=\/wp\/v2\/media\/12183"}],"wp:attachment":[{"href":"https:\/\/www.semanariolocal.cl\/index.php?rest_route=%2Fwp%2Fv2%2Fmedia&parent=12182"}],"wp:term":[{"taxonomy":"category","embeddable":true,"href":"https:\/\/www.semanariolocal.cl\/index.php?rest_route=%2Fwp%2Fv2%2Fcategories&post=12182"},{"taxonomy":"post_tag","embeddable":true,"href":"https:\/\/www.semanariolocal.cl\/index.php?rest_route=%2Fwp%2Fv2%2Ftags&post=12182"}],"curies":[{"name":"wp","href":"https:\/\/api.w.org\/{rel}","templated":true}]}}