{"id":12179,"date":"2023-05-05T22:44:06","date_gmt":"2023-05-06T02:44:06","guid":{"rendered":"https:\/\/www.semanariolocal.cl\/?p=12179"},"modified":"2023-05-05T22:44:07","modified_gmt":"2023-05-06T02:44:07","slug":"diputado-barria-no-se-puede-suspender-la-construccion-del-hospital-de-puerto-varas","status":"publish","type":"post","link":"https:\/\/www.semanariolocal.cl\/?p=12179","title":{"rendered":"Diputado Barr\u00eda: \u00abNo se puede suspender la construcci\u00f3n del Hospital de Puerto Varas\u201d."},"content":{"rendered":"\n<p>El proyecto, que ha sido esperado por la comunidad local durante mucho tiempo, ha sido una necesidad latente en la zona, y su suspensi\u00f3n ha causado gran preocupaci\u00f3n entre los habitantes de la regi\u00f3n.<\/p>\n\n\n\n<p>En una declaraci\u00f3n p\u00fablica, el diputado se\u00f1al\u00f3 que&nbsp;<strong>\u00abno se puede suspender la construcci\u00f3n del hospital de Puerto Varas\u00bb,<\/strong>&nbsp;ya que esto ser\u00eda una verdadera falta de respeto a la lucha de cientos de mujeres y hombres que han trabajado arduamente para conseguir este objetivo.&nbsp;<strong>Adem\u00e1s, expres\u00f3 su solidaridad con el alcalde Tom\u00e1s G\u00e1rate, su consejo municipal y los dirigentes sociales, que han liderado la lucha por la construcci\u00f3n del hospital.<\/strong><\/p>\n\n\n\n<p><strong>Barr\u00eda hizo un llamado a todas las fuerzas pol\u00edticas a unirse para lograr la construcci\u00f3n del hospital lo antes posible. \u00abEs necesario que todos los actores pol\u00edticos, desde los parlamentarios hasta el gobierno regional y municipal, trabajen juntos para que podamos obtener buenas noticias cuanto antes\u00bb, afirm\u00f3 el diputado.<\/strong><\/p>\n\n\n\n<p>El proyecto del hospital de Puerto Varas es de gran importancia para la comunidad local, que ha debido trasladarse a otras ciudades en busca de atenci\u00f3n m\u00e9dica especializada. La suspensi\u00f3n del contrato ha generado incertidumbre entre la poblaci\u00f3n, que espera que se encuentren soluciones a la brevedad.<\/p>\n\n\n\n<p>El diputado Barr\u00eda, en su calidad de representante del distrito 25, se comprometi\u00f3 a seguir trabajando para conseguir que el proyecto se concrete y as\u00ed satisfacer una necesidad esencial para la poblaci\u00f3n de la comuna.&nbsp;<strong>\u00abEl hospital de Puerto Varas es una obra que la comunidad necesita y merece, y haremos todo lo que est\u00e9 en nuestras manos para lograr que se construya\u00bb,<\/strong>&nbsp;concluy\u00f3 el diputado.<\/p>\n","protected":false},"excerpt":{"rendered":"<p>El diputado H\u00e9ctor Barr\u00eda expres\u00f3 su indignaci\u00f3n ante la decisi\u00f3n de suspender el contrato para la construcci\u00f3n del hospital en la comuna de Puerto Varas.<\/p>\n","protected":false},"author":1,"featured_media":12180,"comment_status":"closed","ping_status":"closed","sticky":false,"template":"","format":"standard","meta":{"footnotes":""},"categories":[3,8,6],"tags":[246,337,273,132,79,247,133],"class_list":["post-12179","post","type-post","status-publish","format-standard","has-post-thumbnail","hentry","category-al-dia","category-comunas","category-politica","tag-comunas","tag-informacion","tag-noticias","tag-osorno","tag-puerto-varas","tag-region-de-los-lagos","tag-semanario-local"],"_links":{"self":[{"href":"https:\/\/www.semanariolocal.cl\/index.php?rest_route=\/wp\/v2\/posts\/12179","targetHints":{"allow":["GET"]}}],"collection":[{"href":"https:\/\/www.semanariolocal.cl\/index.php?rest_route=\/wp\/v2\/posts"}],"about":[{"href":"https:\/\/www.semanariolocal.cl\/index.php?rest_route=\/wp\/v2\/types\/post"}],"author":[{"embeddable":true,"href":"https:\/\/www.semanariolocal.cl\/index.php?rest_route=\/wp\/v2\/users\/1"}],"replies":[{"embeddable":true,"href":"https:\/\/www.semanariolocal.cl\/index.php?rest_route=%2Fwp%2Fv2%2Fcomments&post=12179"}],"version-history":[{"count":1,"href":"https:\/\/www.semanariolocal.cl\/index.php?rest_route=\/wp\/v2\/posts\/12179\/revisions"}],"predecessor-version":[{"id":12181,"href":"https:\/\/www.semanariolocal.cl\/index.php?rest_route=\/wp\/v2\/posts\/12179\/revisions\/12181"}],"wp:featuredmedia":[{"embeddable":true,"href":"https:\/\/www.semanariolocal.cl\/index.php?rest_route=\/wp\/v2\/media\/12180"}],"wp:attachment":[{"href":"https:\/\/www.semanariolocal.cl\/index.php?rest_route=%2Fwp%2Fv2%2Fmedia&parent=12179"}],"wp:term":[{"taxonomy":"category","embeddable":true,"href":"https:\/\/www.semanariolocal.cl\/index.php?rest_route=%2Fwp%2Fv2%2Fcategories&post=12179"},{"taxonomy":"post_tag","embeddable":true,"href":"https:\/\/www.semanariolocal.cl\/index.php?rest_route=%2Fwp%2Fv2%2Ftags&post=12179"}],"curies":[{"name":"wp","href":"https:\/\/api.w.org\/{rel}","templated":true}]}}