{"id":12084,"date":"2023-05-02T13:17:58","date_gmt":"2023-05-02T17:17:58","guid":{"rendered":"https:\/\/www.semanariolocal.cl\/?p=12084"},"modified":"2023-05-02T13:17:59","modified_gmt":"2023-05-02T17:17:59","slug":"diputado-manouchehri-ps-es-el-programa-de-estadio-seguro-el-que-ha-fracasado","status":"publish","type":"post","link":"https:\/\/www.semanariolocal.cl\/?p=12084","title":{"rendered":"Diputado Manouchehri (PS): \u201cEs el programa de Estadio Seguro el que ha fracasado\u201d"},"content":{"rendered":"\n<p>A ra\u00edz de diversos cuestionamientos a la gesti\u00f3n de Pamela Venegas como directora de Estadio Seguro, acentuada por los hechos de violencia acontecidos en el \u201cCl\u00e1sico Universitario\u201d del fin de semana pasado, el diputado socialista Daniel Manouchehri se\u00f1al\u00f3 que, si bien deb\u00eda analizarse el trabajo de la directora, el problema de fondo era el fracaso del programa Estadio Seguro.<\/p>\n\n\n\n<p>\u201cClaramente hay que evaluar el trabajo de la directora de Estadio Seguro, pero el problema es m\u00e1s de fondo. Es el programa el que ha fracasado, gobierno tras gobierno. Durante el gobierno de Pi\u00f1era fue un desastre, andaban preocupados de perseguir a la \u2018bandita de Magallanes\u2019 mientras se fortalec\u00edan los delincuentes. Recordar a Pancho Malo\u201d, fustig\u00f3 el legislador.<\/p>\n\n\n\n<p>Asimismo, el integrante de la Comisi\u00f3n de Deportes de la C\u00e1mara de Diputadas y Diputados recalc\u00f3 que \u201cpor eso las recriminaciones mutuas no tienen sentido. Hay que mirar esto como problema de Estado, de manera menos politiquera y pensando m\u00e1s en Chile. Se requiere con urgencia reformular Estadio Seguro. Necesitamos una nueva pol\u00edtica de tolerancia cero con la violencia en los estadios.\u201d&nbsp;<\/p>\n\n\n\n<p>\u201cEs tiempo de un gran acuerdo entre el gobierno, el parlamento y los clubes. Si no, vamos a cambiar a la directora y el problema ser\u00e1 el mismo\u201d, cerr\u00f3 Manouchehri.<\/p>\n","protected":false},"excerpt":{"rendered":"<p>\u201cNecesitamos una nueva pol\u00edtica de tolerancia cero con la violencia en los estadios.  Si no, vamos a cambiar a la directora y el problema ser\u00e1 el mismo\u201d, se\u00f1al\u00f3 el integrante de la Comisi\u00f3n de Deportes de la C\u00e1mara de Diputados.<\/p>\n","protected":false},"author":1,"featured_media":12085,"comment_status":"closed","ping_status":"closed","sticky":false,"template":"","format":"standard","meta":{"footnotes":""},"categories":[3],"tags":[248,1826,337,273,132,630,247,133],"class_list":["post-12084","post","type-post","status-publish","format-standard","has-post-thumbnail","hentry","category-al-dia","tag-daniel-manouchehri","tag-estadio","tag-informacion","tag-noticias","tag-osorno","tag-partido-socialista","tag-region-de-los-lagos","tag-semanario-local"],"_links":{"self":[{"href":"https:\/\/www.semanariolocal.cl\/index.php?rest_route=\/wp\/v2\/posts\/12084","targetHints":{"allow":["GET"]}}],"collection":[{"href":"https:\/\/www.semanariolocal.cl\/index.php?rest_route=\/wp\/v2\/posts"}],"about":[{"href":"https:\/\/www.semanariolocal.cl\/index.php?rest_route=\/wp\/v2\/types\/post"}],"author":[{"embeddable":true,"href":"https:\/\/www.semanariolocal.cl\/index.php?rest_route=\/wp\/v2\/users\/1"}],"replies":[{"embeddable":true,"href":"https:\/\/www.semanariolocal.cl\/index.php?rest_route=%2Fwp%2Fv2%2Fcomments&post=12084"}],"version-history":[{"count":1,"href":"https:\/\/www.semanariolocal.cl\/index.php?rest_route=\/wp\/v2\/posts\/12084\/revisions"}],"predecessor-version":[{"id":12086,"href":"https:\/\/www.semanariolocal.cl\/index.php?rest_route=\/wp\/v2\/posts\/12084\/revisions\/12086"}],"wp:featuredmedia":[{"embeddable":true,"href":"https:\/\/www.semanariolocal.cl\/index.php?rest_route=\/wp\/v2\/media\/12085"}],"wp:attachment":[{"href":"https:\/\/www.semanariolocal.cl\/index.php?rest_route=%2Fwp%2Fv2%2Fmedia&parent=12084"}],"wp:term":[{"taxonomy":"category","embeddable":true,"href":"https:\/\/www.semanariolocal.cl\/index.php?rest_route=%2Fwp%2Fv2%2Fcategories&post=12084"},{"taxonomy":"post_tag","embeddable":true,"href":"https:\/\/www.semanariolocal.cl\/index.php?rest_route=%2Fwp%2Fv2%2Ftags&post=12084"}],"curies":[{"name":"wp","href":"https:\/\/api.w.org\/{rel}","templated":true}]}}