{"id":12081,"date":"2023-05-02T13:13:12","date_gmt":"2023-05-02T17:13:12","guid":{"rendered":"https:\/\/www.semanariolocal.cl\/?p=12081"},"modified":"2023-05-02T13:13:13","modified_gmt":"2023-05-02T17:13:13","slug":"diputados-udi-presentan-reformas-para-erradicar-violencia-en-los-estadios","status":"publish","type":"post","link":"https:\/\/www.semanariolocal.cl\/?p=12081","title":{"rendered":"Diputados UDI presentan reformas para erradicar violencia en los estadios"},"content":{"rendered":"\n<p>Hasta el Palacio de La Moneda llegaron los diputados de la Bancada UDI, Guillermo Ram\u00edrez y Juan Antonio Coloma, para hacerle entrega de una carta al Presidente Gabriel Boric en la que propusieron una serie de modificaciones a la Ley 19.327, m\u00e1s conocida como \u201cPlan Estadio Seguro\u201d, a ra\u00edz de los graves incidentes que se produjeron durante el partido disputado entre la Universidad de Chile y Universidad Cat\u00f3lica, donde grupos de v\u00e1ndalos y delincuentes lanzaron un n\u00famero indeterminado de fuegos artificiales, bengalas y bombas de estruendo directamente al terreno de juego.<\/p>\n\n\n\n<p>Al respecto, y junto con solicitar la renuncia inmediata de la directora del plan, Pamela Venegas, por no prever los graves hechos de violencia durante el encuentro, los parlamentarios gremialistas solicitaron aumentar significativamente las sanciones contenidas en dicha ley, estableciendo no s\u00f3lo la prohibici\u00f3n de por vida de ingresar al estadio a quienes porten o lancen fuegos de artificio u otros artefactos explosivos durante alguna actividad deportiva, sino que tambi\u00e9n deban cumplir al menos seis meses de prisi\u00f3n efectiva en caso de ser condenados como autores de esos delitos.<\/p>\n\n\n\n<p>\u201cHemos presentado una bater\u00eda de propuestas y modificaciones legales para erradicar, de una vez por todas, la violencia en los estadios. El Gobierno no puede seguir en las cl\u00e1sicas declaraciones que finalmente no terminan en nada, sino que debe adoptar una actitud proactiva si realmente est\u00e1n interesados en devolverle el f\u00fatbol a las familias y a los verdaderos hinchas\u201d, manifestaron los diputados de la UDI, quienes agregaron que \u201cla directora del Plan Estadio Seguro cometi\u00f3 dos errores garrafales, al no anticiparse a algo que era evidente y al no proponer, en m\u00e1s de un a\u00f1o, ning\u00fan tipo de modificaci\u00f3n al programa, por lo que es indispensable que d\u00e9 un paso al costado\u201d.<\/p>\n\n\n\n<p>Pero adem\u00e1s, Coloma y Ram\u00edrez tambi\u00e9n propusieron que los clubes tengan la obligaci\u00f3n de establecer un sistema de control biom\u00e9trico en los accesos a los estadios, adem\u00e1s de empadronar a todos los asistentes, de manera de detectar -y tambi\u00e9n prohibir- si alguien con antecedentes penales, causas judiciales u \u00f3rdenes pendientes se encuentra al interior de un recinto deportivo.<\/p>\n\n\n\n<p>Asimismo, solicitaron al Ejecutivo otorgar m\u00e1xima urgencia a dos proyectos de ley que ya se encuentran ingresados en el Congreso. El primero, para que los que est\u00e9n siendo investigados o hayan cometido alg\u00fan delito al interior de un estadio tengan que concurrir, obligadamente, a una comisar\u00eda al menos una hora antes de un partido y hasta la finalizaci\u00f3n de \u00e9ste. Y el segundo, para que tambi\u00e9n se les imponga un arraigo nacional provisorio cuando el equipo del que simpatizan o la Selecci\u00f3n Chile juegue en el extranjero, evitando as\u00ed que puedan asistir a un partido en otro pa\u00eds.<\/p>\n\n\n\n<p>\u201cSi no adoptamos ninguna medida en el corto plazo, el f\u00fatbol va seguir en manos de los delincuentes y violentistas. Y para eso es fundamental que el Gobierno se ponga las pilas\u201d, cerraron los UDI.<\/p>\n","protected":false},"excerpt":{"rendered":"<p>Sistemas biom\u00e9tricos, c\u00e1rcel efectiva y obligaci\u00f3n de asistir a una comisar\u00eda antes de un partido son algunas de las medidas planteadas por parlamentarios gremialistas.<\/p>\n","protected":false},"author":1,"featured_media":12082,"comment_status":"closed","ping_status":"closed","sticky":false,"template":"","format":"standard","meta":{"footnotes":""},"categories":[3,6],"tags":[337,273,132,247,133,52],"class_list":["post-12081","post","type-post","status-publish","format-standard","has-post-thumbnail","hentry","category-al-dia","category-politica","tag-informacion","tag-noticias","tag-osorno","tag-region-de-los-lagos","tag-semanario-local","tag-udi"],"_links":{"self":[{"href":"https:\/\/www.semanariolocal.cl\/index.php?rest_route=\/wp\/v2\/posts\/12081","targetHints":{"allow":["GET"]}}],"collection":[{"href":"https:\/\/www.semanariolocal.cl\/index.php?rest_route=\/wp\/v2\/posts"}],"about":[{"href":"https:\/\/www.semanariolocal.cl\/index.php?rest_route=\/wp\/v2\/types\/post"}],"author":[{"embeddable":true,"href":"https:\/\/www.semanariolocal.cl\/index.php?rest_route=\/wp\/v2\/users\/1"}],"replies":[{"embeddable":true,"href":"https:\/\/www.semanariolocal.cl\/index.php?rest_route=%2Fwp%2Fv2%2Fcomments&post=12081"}],"version-history":[{"count":1,"href":"https:\/\/www.semanariolocal.cl\/index.php?rest_route=\/wp\/v2\/posts\/12081\/revisions"}],"predecessor-version":[{"id":12083,"href":"https:\/\/www.semanariolocal.cl\/index.php?rest_route=\/wp\/v2\/posts\/12081\/revisions\/12083"}],"wp:featuredmedia":[{"embeddable":true,"href":"https:\/\/www.semanariolocal.cl\/index.php?rest_route=\/wp\/v2\/media\/12082"}],"wp:attachment":[{"href":"https:\/\/www.semanariolocal.cl\/index.php?rest_route=%2Fwp%2Fv2%2Fmedia&parent=12081"}],"wp:term":[{"taxonomy":"category","embeddable":true,"href":"https:\/\/www.semanariolocal.cl\/index.php?rest_route=%2Fwp%2Fv2%2Fcategories&post=12081"},{"taxonomy":"post_tag","embeddable":true,"href":"https:\/\/www.semanariolocal.cl\/index.php?rest_route=%2Fwp%2Fv2%2Ftags&post=12081"}],"curies":[{"name":"wp","href":"https:\/\/api.w.org\/{rel}","templated":true}]}}