{"id":12075,"date":"2023-05-02T12:45:28","date_gmt":"2023-05-02T16:45:28","guid":{"rendered":"https:\/\/www.semanariolocal.cl\/?p=12075"},"modified":"2023-05-02T12:45:29","modified_gmt":"2023-05-02T16:45:29","slug":"delegacion-regional-competira-en-los-ii-juegos-para-araucania-que-se-disputaran-en-temuco","status":"publish","type":"post","link":"https:\/\/www.semanariolocal.cl\/?p=12075","title":{"rendered":"Delegaci\u00f3n regional competir\u00e1 en los II Juegos Para Araucan\u00eda que se disputar\u00e1n en Temuco"},"content":{"rendered":"\n<p>Doce deportistas de Para Atletismo y Para Nataci\u00f3n, provenientes de Osorno, Puyehue, Llanquihue, Puerto Montt y Castro, participar\u00e1n representando a la regi\u00f3n en los II Juegos Para Araucan\u00eda, que se efectuar\u00e1n entre el martes 02 al 06 de mayo, en el Campo de Deportes \u00d1ielol de Temuco.<\/p>\n\n\n\n<p>Se trata de la competencia paral\u00edmpica m\u00e1s importante del sur de nuestro pa\u00eds, que se disputa entre deportistas chilenos&nbsp;de&nbsp;las regiones de \u00d1uble, B\u00edo B\u00edo, La Araucan\u00eda, Los R\u00edos, Los Lagos, Ays\u00e9n y Magallanes y argentinos de las Provincias de La Pampa, Neuqu\u00e9n, R\u00edo Negro, Chubut, Santa Cruz y Tierra del Fuego.<\/p>\n\n\n\n<p>La n\u00f3mina regional est\u00e1 conformada por los para atletas Noelia Erice Ruiz, Maria Jos\u00e9 Rozas Bustos, V\u00edctor Ojeda Jara y Javier Ponce Bustos de Castro; &nbsp;Ivanna Marip\u00e1n Altamirano, Pilar Truyao Valderas y Benjam\u00edn C\u00e1rdenas Mu\u00f1oz de Puyehue, Pablo Contreras Guzm\u00e1n de Puerto Montt, Antonio \u00c1gu\u00edla Bollman y Carlos Grandon Gonz\u00e1lez de Osorno. As\u00ed como tambi\u00e9n, los para nadadores Angelina Ampuero Almonacid de Llanquihue y Joaqu\u00edn Frene Troqu\u00edan de Puerto Montt.<\/p>\n\n\n\n<p>La Seremi del Deporte, Carolina Urrutia, dese\u00f3 mucho \u00e9xito a la delegaci\u00f3n de deportistas que representar\u00e1n a la regi\u00f3n, mencionando que \u201cesperamos que nuestros deportistas de Para Nataci\u00f3n y Para Atletismo tengan un buen desempe\u00f1o en sus respectivas competencias y superen sus expectativas y metas propuestas para esta participaci\u00f3n en este certamen binacional, que es el m\u00e1s importante de la Patagonia sur chilena y argentina\u201d.<\/p>\n","protected":false},"excerpt":{"rendered":"<p>La competencia re\u00fane a j\u00f3venes de las selecciones de Para Atletismo y Para Nataci\u00f3n de los extremos sur de Chile y Argentina.<\/p>\n","protected":false},"author":1,"featured_media":12076,"comment_status":"closed","ping_status":"closed","sticky":false,"template":"","format":"standard","meta":{"footnotes":""},"categories":[3],"tags":[530,337,273,132,247,133],"class_list":["post-12075","post","type-post","status-publish","format-standard","has-post-thumbnail","hentry","category-al-dia","tag-deportes","tag-informacion","tag-noticias","tag-osorno","tag-region-de-los-lagos","tag-semanario-local"],"_links":{"self":[{"href":"https:\/\/www.semanariolocal.cl\/index.php?rest_route=\/wp\/v2\/posts\/12075","targetHints":{"allow":["GET"]}}],"collection":[{"href":"https:\/\/www.semanariolocal.cl\/index.php?rest_route=\/wp\/v2\/posts"}],"about":[{"href":"https:\/\/www.semanariolocal.cl\/index.php?rest_route=\/wp\/v2\/types\/post"}],"author":[{"embeddable":true,"href":"https:\/\/www.semanariolocal.cl\/index.php?rest_route=\/wp\/v2\/users\/1"}],"replies":[{"embeddable":true,"href":"https:\/\/www.semanariolocal.cl\/index.php?rest_route=%2Fwp%2Fv2%2Fcomments&post=12075"}],"version-history":[{"count":1,"href":"https:\/\/www.semanariolocal.cl\/index.php?rest_route=\/wp\/v2\/posts\/12075\/revisions"}],"predecessor-version":[{"id":12077,"href":"https:\/\/www.semanariolocal.cl\/index.php?rest_route=\/wp\/v2\/posts\/12075\/revisions\/12077"}],"wp:featuredmedia":[{"embeddable":true,"href":"https:\/\/www.semanariolocal.cl\/index.php?rest_route=\/wp\/v2\/media\/12076"}],"wp:attachment":[{"href":"https:\/\/www.semanariolocal.cl\/index.php?rest_route=%2Fwp%2Fv2%2Fmedia&parent=12075"}],"wp:term":[{"taxonomy":"category","embeddable":true,"href":"https:\/\/www.semanariolocal.cl\/index.php?rest_route=%2Fwp%2Fv2%2Fcategories&post=12075"},{"taxonomy":"post_tag","embeddable":true,"href":"https:\/\/www.semanariolocal.cl\/index.php?rest_route=%2Fwp%2Fv2%2Ftags&post=12075"}],"curies":[{"name":"wp","href":"https:\/\/api.w.org\/{rel}","templated":true}]}}