{"id":12023,"date":"2023-04-27T00:36:59","date_gmt":"2023-04-27T04:36:59","guid":{"rendered":"https:\/\/www.semanariolocal.cl\/?p=12023"},"modified":"2023-04-27T00:37:00","modified_gmt":"2023-04-27T04:37:00","slug":"presidente-boric-despliega-intensa-agenda-en-region-de-los-lagos","status":"publish","type":"post","link":"https:\/\/www.semanariolocal.cl\/?p=12023","title":{"rendered":"Presidente Boric despliega intensa agenda en regi\u00f3n de Los lagos"},"content":{"rendered":"\n<p>El presidente Gabriel Boric llego hasta la ciudad de Puerto Mont para dar inicio a su gira por la regi\u00f3n de los lagos manteniendo &nbsp;una serie de reuniones primero con el Gobernador regional Patricio Vallesp\u00edn luego con 26 de los 30 alcaldes de la regi\u00f3n y m\u00e1s tarde con el &nbsp;gabinete regional compuesto por las distintas seremis que representan su gobierno en la zona.<\/p>\n\n\n\n<p>Acompa\u00f1ado del Subsecretario de Desarrollo Regional Nicolas Cataldo y el subsecretario de Prevenci\u00f3n del delito Eduardo Vergara el Presidente Boric se\u00f1alo que la reuni\u00f3n sostenida este mi\u00e9rcoles se suma a la reuni\u00f3n efectuada el d\u00eda martes en Santiago donde se reuni\u00f3 tambi\u00e9n &nbsp;con los parlamentarios de la regi\u00f3n a fin de conocer de parte de los representantes de la zona las urgencias de la regi\u00f3n de los lagos como la crisis &nbsp;educacional de Chilo\u00e9<\/p>\n\n\n\n<p>De igual forma se refiri\u00f3 a la necesidad de establecer una mejor planificaci\u00f3n urbana producto de del cambio poblacional de la zona que requiere soluciones urgentes a necesidades b\u00e1sicas.<\/p>\n\n\n\n<p>El presidente valor\u00f3 la reuniones sostenidas en regiones \u00a0indicando que le permiten ver en terreno y conocer de primera fuente las urgencias m\u00e1s inmediata de la zona. El presidente Boric Anunciando una serie de actividades para este jueves 27 de abril como la conmemoraci\u00f3n del aniversario de carabineros y un anuncio importante a nivel pa\u00eds en materia de descentralizaci\u00f3n de recursos.<\/p>\n\n\n\n<figure class=\"wp-block-embed is-type-video is-provider-youtube wp-block-embed-youtube wp-embed-aspect-16-9 wp-has-aspect-ratio\"><div class=\"wp-block-embed__wrapper\">\n<ul class=\"bxslider-vid\"><li><iframe loading=\"lazy\" title=\"Presidente Boric en regi\u00f3n de los lagos\" width=\"1778\" height=\"1000\" src=\"https:\/\/www.youtube.com\/embed\/LrRS2PHm9eY?feature=oembed\" frameborder=\"0\" allow=\"accelerometer; autoplay; clipboard-write; encrypted-media; gyroscope; picture-in-picture; web-share\" allowfullscreen><\/iframe><\/li><\/ul>\n<\/div><\/figure>\n","protected":false},"excerpt":{"rendered":"<p>De igual forma el mandatario anunci\u00f3, sin establecer fechas, una segunda  visita a comunas como Osorno y Llanquihue. <\/p>\n","protected":false},"author":1,"featured_media":12024,"comment_status":"closed","ping_status":"closed","sticky":false,"template":"","format":"standard","meta":{"footnotes":""},"categories":[3,6],"tags":[337,273,132,395,247,133],"class_list":["post-12023","post","type-post","status-publish","format-standard","has-post-thumbnail","hentry","category-al-dia","category-politica","tag-informacion","tag-noticias","tag-osorno","tag-presidente-gabriel-boric","tag-region-de-los-lagos","tag-semanario-local"],"_links":{"self":[{"href":"https:\/\/www.semanariolocal.cl\/index.php?rest_route=\/wp\/v2\/posts\/12023","targetHints":{"allow":["GET"]}}],"collection":[{"href":"https:\/\/www.semanariolocal.cl\/index.php?rest_route=\/wp\/v2\/posts"}],"about":[{"href":"https:\/\/www.semanariolocal.cl\/index.php?rest_route=\/wp\/v2\/types\/post"}],"author":[{"embeddable":true,"href":"https:\/\/www.semanariolocal.cl\/index.php?rest_route=\/wp\/v2\/users\/1"}],"replies":[{"embeddable":true,"href":"https:\/\/www.semanariolocal.cl\/index.php?rest_route=%2Fwp%2Fv2%2Fcomments&post=12023"}],"version-history":[{"count":1,"href":"https:\/\/www.semanariolocal.cl\/index.php?rest_route=\/wp\/v2\/posts\/12023\/revisions"}],"predecessor-version":[{"id":12025,"href":"https:\/\/www.semanariolocal.cl\/index.php?rest_route=\/wp\/v2\/posts\/12023\/revisions\/12025"}],"wp:featuredmedia":[{"embeddable":true,"href":"https:\/\/www.semanariolocal.cl\/index.php?rest_route=\/wp\/v2\/media\/12024"}],"wp:attachment":[{"href":"https:\/\/www.semanariolocal.cl\/index.php?rest_route=%2Fwp%2Fv2%2Fmedia&parent=12023"}],"wp:term":[{"taxonomy":"category","embeddable":true,"href":"https:\/\/www.semanariolocal.cl\/index.php?rest_route=%2Fwp%2Fv2%2Fcategories&post=12023"},{"taxonomy":"post_tag","embeddable":true,"href":"https:\/\/www.semanariolocal.cl\/index.php?rest_route=%2Fwp%2Fv2%2Ftags&post=12023"}],"curies":[{"name":"wp","href":"https:\/\/api.w.org\/{rel}","templated":true}]}}