{"id":12018,"date":"2023-04-26T13:33:37","date_gmt":"2023-04-26T17:33:37","guid":{"rendered":"https:\/\/www.semanariolocal.cl\/?p=12018"},"modified":"2023-04-26T13:33:38","modified_gmt":"2023-04-26T17:33:38","slug":"bancada-ppd-e-independientes-califican-de-irresponsable-interpelacion-a-ministra-toha","status":"publish","type":"post","link":"https:\/\/www.semanariolocal.cl\/?p=12018","title":{"rendered":"Bancada PPD e Independientes califican de irresponsable interpelaci\u00f3n a Ministra Toh\u00e1"},"content":{"rendered":"\n<p>La Bancada de Diputadas y Diputados del PPD- Independientes, liderada por Cristi\u00e1n Tapia, respald\u00f3 con fuerza a la Ministra del Interior, Carolina Toh\u00e1, luego que Chile Vamos presentara una interpelaci\u00f3n en su contra argumentando 12 razones.<\/p>\n\n\n\n<p>\u00abChile Vamos est\u00e1 en todo su derecho de querer interpelar a la Ministra del Interior, sin embargo, sabemos que en el fondo \u00e9ste es un punto pol\u00edtico antes de la elecci\u00f3n de los consejeros constitucionales. Nos parece injusto que los dardos vayan en contra de quien ha enfrentado de manera integral la crisis de seguridad que vive nuestro pa\u00eds. Lo hemos dicho muchas veces, la delincuencia no parte el 11 de marzo del 2022, parte muchos a\u00f1os atr\u00e1s, y cuando dicen que no se ha hecho nada en este gobierno, tenemos un programa que es Calles sin Violencia\u00bb, afirm\u00f3 el diputado Tapia<\/p>\n\n\n\n<p>El parlamentario agreg\u00f3 que \u00abobviamente yo quisiera que todas las comunas de Atacama estuvieran incluidas, pero eso no significa que las comunas queden abandonadas, sin intervenci\u00f3n. El gobierno ha triplicado recursos para seguridad aparte de los 1500 millones de d\u00f3lares exclusivamente para Carabineros, fuerzas militares, PDI, y otros recursos que van a trav\u00e9s de la Subdere y prevenci\u00f3n del delito\u00bb.<\/p>\n\n\n\n<p>Por su parte, el diputado independiente-PPD y miembro de la Comisi\u00f3n de Seguridad Ciudadana, Jaime Araya, sostuvo que \u00ablo que hemos visto es que ahora hay una sola derecha liderada por Jos\u00e9 Antonio Kast que le pone la m\u00fasica a Renovaci\u00f3n Nacional, la UDI y Ev\u00f3poli. Adem\u00e1s, esta medida tiene poca sensatez y credibilidad porque hicieron trampa, dilataron en exceso el inicio de la sesi\u00f3n de la C\u00e1mara de Diputados, para hacer hora y as\u00ed pudieran llegar los 52 diputados necesarios para aprobar la interpelaci\u00f3n.<\/p>\n\n\n\n<p>\u00abOtro punto es que en el cuestionario tem\u00e1tico de Chile Vamos de la interpelaci\u00f3n, en el punto 2, establece que tienen que ir todos los carabineros a los cuarteles a hacerle informes a la derecha, no m\u00e1s a las calles patrullando, combatiendo el narcotr\u00e1fico, sino que a los cuarteles. Por otro lado, quieren que la ministra est\u00e9 dos tardes sentadas en este Congreso Nacional en la Comisi\u00f3n de Seguridad, demasiado egocentrismo. Es impresentable que la mayor crisis de seguridad la quieran resolver con burocracia\u00bb, se\u00f1al\u00f3 el diputado Araya.<\/p>\n\n\n\n<p>En tanto, el diputado y vicepresidente del PPD, Ra\u00fal Soto, estableci\u00f3 que \u00abesta es una acusaci\u00f3n no solamente injusta, sino que tremendamente irresponsable. Lo que se est\u00e1 haciendo con esta interpelaci\u00f3n, es debilitar la estrategia del gobierno y, por lo tanto, debilitar la seguridad de los chilenos y las chilenas\u00bb.<\/p>\n\n\n\n<p>\u00abLa misma irresponsabilidad que tuvieron cuando se bajaron de la mesa de seguridad, utilizando como excusa los indultos. Yo creo que las chilenas y los chilenos son lo suficientemente inteligentes y tienen sentido com\u00fan para darse cuenta que ac\u00e1 hay una jugarreta pol\u00edtica, para golpear a la ministra y al gobierno, y para debilitar su estrategia de seguridad que se ha fortalecido tremendamente con la agenda legislativa que se est\u00e1 llevando a cabo en esta C\u00e1mara y en el Congreso en general, y tambi\u00e9n con las medidas administrativas que se est\u00e1n tomando con el plan \u201ccalles sin violencia\u201d, recalc\u00f3 el diputado Soto.<\/p>\n\n\n\n<p>El parlamentario a\u00f1adi\u00f3 que \u00abel momento en el cual se anuncia esta interpelaci\u00f3n no puede ser peor, un momento donde necesitamos unidad, donde tenemos que entender que el enemigo no est\u00e1 en la vereda pol\u00edtica de enfrente, si no que en las calles tom\u00e1ndose nuestros barrios y poblaciones\u00bb.<\/p>\n\n\n\n<p>Finalmente, la diputada PPD, Helia Molina, destac\u00f3 que la Ministra Toh\u00e1 \u00abha hecho un trabajo incre\u00edble, con dedicaci\u00f3n y transparencia en materia de seguridad, y aplaudo la estrategia contra el crimen organizado y narcotr\u00e1fico. Es un buen m\u00e9todo para validar intervenciones en los barrios como ocurre con el programa Calle sin Violencia\u00bb.<\/p>\n","protected":false},"excerpt":{"rendered":"<p>\u00abEl momento en el cual se anuncia esta interpelaci\u00f3n no puede ser peor. Tenemos que entender que el enemigo no est\u00e1 en la vereda pol\u00edtica de enfrente, si no que en las calles tom\u00e1ndose nuestros barrios y poblaciones\u00bb, se\u00f1alaron los diputados.<\/p>\n","protected":false},"author":1,"featured_media":12019,"comment_status":"closed","ping_status":"closed","sticky":false,"template":"","format":"standard","meta":{"footnotes":""},"categories":[6],"tags":[337,273,132,1260,247,133],"class_list":["post-12018","post","type-post","status-publish","format-standard","has-post-thumbnail","hentry","category-politica","tag-informacion","tag-noticias","tag-osorno","tag-ppd","tag-region-de-los-lagos","tag-semanario-local"],"_links":{"self":[{"href":"https:\/\/www.semanariolocal.cl\/index.php?rest_route=\/wp\/v2\/posts\/12018","targetHints":{"allow":["GET"]}}],"collection":[{"href":"https:\/\/www.semanariolocal.cl\/index.php?rest_route=\/wp\/v2\/posts"}],"about":[{"href":"https:\/\/www.semanariolocal.cl\/index.php?rest_route=\/wp\/v2\/types\/post"}],"author":[{"embeddable":true,"href":"https:\/\/www.semanariolocal.cl\/index.php?rest_route=\/wp\/v2\/users\/1"}],"replies":[{"embeddable":true,"href":"https:\/\/www.semanariolocal.cl\/index.php?rest_route=%2Fwp%2Fv2%2Fcomments&post=12018"}],"version-history":[{"count":1,"href":"https:\/\/www.semanariolocal.cl\/index.php?rest_route=\/wp\/v2\/posts\/12018\/revisions"}],"predecessor-version":[{"id":12020,"href":"https:\/\/www.semanariolocal.cl\/index.php?rest_route=\/wp\/v2\/posts\/12018\/revisions\/12020"}],"wp:featuredmedia":[{"embeddable":true,"href":"https:\/\/www.semanariolocal.cl\/index.php?rest_route=\/wp\/v2\/media\/12019"}],"wp:attachment":[{"href":"https:\/\/www.semanariolocal.cl\/index.php?rest_route=%2Fwp%2Fv2%2Fmedia&parent=12018"}],"wp:term":[{"taxonomy":"category","embeddable":true,"href":"https:\/\/www.semanariolocal.cl\/index.php?rest_route=%2Fwp%2Fv2%2Fcategories&post=12018"},{"taxonomy":"post_tag","embeddable":true,"href":"https:\/\/www.semanariolocal.cl\/index.php?rest_route=%2Fwp%2Fv2%2Ftags&post=12018"}],"curies":[{"name":"wp","href":"https:\/\/api.w.org\/{rel}","templated":true}]}}