{"id":12012,"date":"2023-04-26T13:17:47","date_gmt":"2023-04-26T17:17:47","guid":{"rendered":"https:\/\/www.semanariolocal.cl\/?p=12012"},"modified":"2023-04-26T13:20:00","modified_gmt":"2023-04-26T17:20:00","slug":"bancada-ps-ingresa-proyecto-de-ley-que-restringe-los-funerales-narcotraficantes-en-chile","status":"publish","type":"post","link":"https:\/\/www.semanariolocal.cl\/?p=12012","title":{"rendered":"Bancada PS ingresa proyecto de ley que restringe los funerales narco en Chile"},"content":{"rendered":"\n<p>Un grupo de diputados del Partido Socialista ingres\u00f3 un proyecto de ley denominado \u201cNo m\u00e1s funerales narcos\u201d, para restringir los funerales de narcotraficantes en Chile, que establece entre otras cosas, acotar el tiempo, n\u00famero de funerales e iniciar dichos eventos a las 6 de la ma\u00f1ana. Con ello, se busca dar tranquilidad a la poblaci\u00f3n y limitar la interferencia en las labores diarias, as\u00ed como combatir el crimen y la delincuencia en los barrios.<\/p>\n\n\n\n<p>Al respecto, la autora de la iniciativa, Daniella Cicardini, explic\u00f3 que \u201cChile no es el lejano oeste y es inaceptable que veamos funerales de alto riesgo que finalmente generan una complicaci\u00f3n en nuestros barrios. Es inviable ver c\u00f3mo las polic\u00edas se dedican d\u00edas enteros para poder proteger estos procedimientos en vez de estar combatiendo el crimen y la delincuencia en nuestros barrios\u201d.<\/p>\n\n\n\n<p>\u201cSe est\u00e1 haciendo realidad lo que ve\u00edamos antes solo en pel\u00edculas. No es posible que hoy d\u00eda los malos cuando sal\u00edan a las calles, las personas deb\u00edan cerrar las ventanas, las puertas, cerrar oficinas, trabajo, incluso interrump\u00edan, en este caso, algo tan esencial como el derecho de nuestros ni\u00f1os y ni\u00f1as. No podemos normalizar esta situaci\u00f3n\u201d, agreg\u00f3.<\/p>\n\n\n\n<p>\u201cNosotros con este proyecto queremos darle tranquilidad a la gente y que se restrinjan los derechos de los delincuentes. Queremos proteger los derechos de las personas y restringir los derechos de aquellos que est\u00e1n haciendo sentir miedo a la poblaci\u00f3n\u201d, expres\u00f3 el jefe de la bancada del Partido Socialista, Daniel Manouchehri.<\/p>\n\n\n\n<p>Por su parte, el diputado Daniel Melo, afirm\u00f3 que, \u201ces importante recordar que, desde mayo del a\u00f1o 2019, en pleno Gobierno del presidente Sebasti\u00e1n Pi\u00f1era se acord\u00f3 un protocolo para regular los funerales de alto riesgo, entre ellos los funerales narcos, y lo que hacemos con este proyecto de ley es restringir el tiempo de duraci\u00f3n de estos funerales. No queremos m\u00e1s los hechos de violencia que hemos sido testigos en comunas como Los Espejo o Pedro Aguirre Cerda. Nuestros ni\u00f1os y ni\u00f1as, adultos mayores, tienen derecho a vivir en paz\u201d.<\/p>\n\n\n\n<p>\u201cEs por eso que esta es una medida efectiva que colabora con este protocolo, que en definitiva permite que la autoridad competente tome las decisiones para decir no m\u00e1s a los fundadores de narcos, sin al derecho a la seguridad y a nuestras familias a poder vivir en paz y tranquilidad\u201d, recalc\u00f3 el representante del distrito n\u00ba13 (Pedro Aguirre Cerda, La Cisterna, San Ram\u00f3n, Lo Espejo, El Bosque, San Miguel).<\/p>\n","protected":false},"excerpt":{"rendered":"<p>\u201cEs inviable ver c\u00f3mo las polic\u00edas se dedican d\u00edas enteros para poder proteger estos procedimientos en vez de estar combatiendo el crimen y la delincuencia en nuestros barrios\u201d, enfatiz\u00f3 Daniella Cicardini, autora de la iniciativa.<\/p>\n","protected":false},"author":1,"featured_media":12013,"comment_status":"closed","ping_status":"closed","sticky":false,"template":"","format":"standard","meta":{"footnotes":""},"categories":[3,6],"tags":[337,273,132,247,133],"class_list":["post-12012","post","type-post","status-publish","format-standard","has-post-thumbnail","hentry","category-al-dia","category-politica","tag-informacion","tag-noticias","tag-osorno","tag-region-de-los-lagos","tag-semanario-local"],"_links":{"self":[{"href":"https:\/\/www.semanariolocal.cl\/index.php?rest_route=\/wp\/v2\/posts\/12012","targetHints":{"allow":["GET"]}}],"collection":[{"href":"https:\/\/www.semanariolocal.cl\/index.php?rest_route=\/wp\/v2\/posts"}],"about":[{"href":"https:\/\/www.semanariolocal.cl\/index.php?rest_route=\/wp\/v2\/types\/post"}],"author":[{"embeddable":true,"href":"https:\/\/www.semanariolocal.cl\/index.php?rest_route=\/wp\/v2\/users\/1"}],"replies":[{"embeddable":true,"href":"https:\/\/www.semanariolocal.cl\/index.php?rest_route=%2Fwp%2Fv2%2Fcomments&post=12012"}],"version-history":[{"count":3,"href":"https:\/\/www.semanariolocal.cl\/index.php?rest_route=\/wp\/v2\/posts\/12012\/revisions"}],"predecessor-version":[{"id":12017,"href":"https:\/\/www.semanariolocal.cl\/index.php?rest_route=\/wp\/v2\/posts\/12012\/revisions\/12017"}],"wp:featuredmedia":[{"embeddable":true,"href":"https:\/\/www.semanariolocal.cl\/index.php?rest_route=\/wp\/v2\/media\/12013"}],"wp:attachment":[{"href":"https:\/\/www.semanariolocal.cl\/index.php?rest_route=%2Fwp%2Fv2%2Fmedia&parent=12012"}],"wp:term":[{"taxonomy":"category","embeddable":true,"href":"https:\/\/www.semanariolocal.cl\/index.php?rest_route=%2Fwp%2Fv2%2Fcategories&post=12012"},{"taxonomy":"post_tag","embeddable":true,"href":"https:\/\/www.semanariolocal.cl\/index.php?rest_route=%2Fwp%2Fv2%2Ftags&post=12012"}],"curies":[{"name":"wp","href":"https:\/\/api.w.org\/{rel}","templated":true}]}}