{"id":11932,"date":"2023-04-22T01:05:01","date_gmt":"2023-04-22T05:05:01","guid":{"rendered":"https:\/\/www.semanariolocal.cl\/?p=11932"},"modified":"2023-04-22T01:05:01","modified_gmt":"2023-04-22T05:05:01","slug":"mas-de-100-estudiantes-celebran-el-dia-internacional-de-las-ninas-en-las-tic-en-inacap","status":"publish","type":"post","link":"https:\/\/www.semanariolocal.cl\/?p=11932","title":{"rendered":"M\u00e1s de 100 estudiantes celebran el D\u00eda Internacional de las Ni\u00f1as en las TIC en INACAP"},"content":{"rendered":"\n<p>Estudiantes de la Ense\u00f1anza Media T\u00e9cnico Profesional de la provincia de Osorno y del Ranco, junto a alumnas de INACAP se reunieron a celebrar el D\u00eda de las Ni\u00f1as TIC (Tecnolog\u00eda de la Informaci\u00f3n y las Comunicaciones) en la casa de estudios superior, ubicada en Ren\u00e9 Soriano 2382.<\/p>\n\n\n\n<p>La fecha establecida por Naciones Unidas, a trav\u00e9s de la Uni\u00f3n Internacional de las Telecomunicaciones, tiene por objetivo alentar las vocaciones tecnol\u00f3gicas en las ni\u00f1as y j\u00f3venes, y disminuir la brecha digital de g\u00e9nero.<\/p>\n\n\n\n<p>Con este esp\u00edritu, las estudiantes pertenecientes a especialidades y programas de estudios vinculados al sector de las tecnolog\u00edas como Programaci\u00f3n, Telecomunicaciones, Automatizaci\u00f3n y Rob\u00f3tica e Inform\u00e1tica se congregaron a escuchar la experiencia exitosa de Bernardita Gatica, ingeniera en Inform\u00e1tica de la empresa DIMAK y ex alumna de INACAP.&nbsp;<\/p>\n\n\n\n<p>Maylin Z\u00e1rate, Directora Acad\u00e9mica de INACAP Sede Osorno explic\u00f3 que \u201ccada a\u00f1o nos hacemos parte de la conmemoraci\u00f3n mundial del D\u00eda Internacional de las Ni\u00f1as en las TIC&nbsp;como una forma de incentivar a las j\u00f3venes a considerar las carreras de las tecnolog\u00edas en su proyecto de vida y desarrollo profesional.&nbsp;Como Instituci\u00f3n creemos que un sector m\u00e1s equilibrado en t\u00e9rminos de g\u00e9nero permite a las mujeres con m\u00e1s talento ascender a la c\u00faspide en su carrera profesional, lo que es bueno para toda la sociedad\u201d.<\/p>\n\n\n\n<p>De igual forma, se efectuaron reconocimientos a estudiantes que destacan en sus unidades educativas tales como&nbsp;Priscila Vergara,&nbsp;del Instituto Polit\u00e9cnico&nbsp;de Osorno;&nbsp;Karol Aguilera del&nbsp;Liceo Comercial;&nbsp;Constanza Ferreira del Colegio Padre Dami\u00e1n de La Uni\u00f3n, y&nbsp;Millaray Godoy&nbsp;del Colegio Emprender. En tanto INACAP distingui\u00f3 a la estudiante Yohana Yunge y a su exalumna Bernardita Gatica.<\/p>\n\n\n\n<p>La actividad finaliz\u00f3 con una muestra preparada por el sector Tecnolog\u00eda Aplicada de INACAP, instancia en que sus estudiantes compartieron una muestra simulada con las secundarias en \u00e1reas como Automatizaci\u00f3n, Electricidad, y Energ\u00edas Renovables; tecnolog\u00eda de punta que es utilizada por el sector productivo.<\/p>\n","protected":false},"excerpt":{"rendered":"<p>La actividad finaliz\u00f3 con una muestra preparada por el sector Tecnolog\u00eda Aplicada de INACAP, instancia en que sus estudiantes compartieron una muestra simulada con las secundarias en \u00e1reas como Automatizaci\u00f3n, Electricidad, y Energ\u00edas Renovables; tecnolog\u00eda de punta que es utilizada por el sector productivo.<\/p>\n","protected":false},"author":1,"featured_media":11933,"comment_status":"closed","ping_status":"closed","sticky":false,"template":"","format":"standard","meta":{"footnotes":""},"categories":[3,11],"tags":[1326,337,273,132,247,133],"class_list":["post-11932","post","type-post","status-publish","format-standard","has-post-thumbnail","hentry","category-al-dia","category-educacion","tag-inacap","tag-informacion","tag-noticias","tag-osorno","tag-region-de-los-lagos","tag-semanario-local"],"_links":{"self":[{"href":"https:\/\/www.semanariolocal.cl\/index.php?rest_route=\/wp\/v2\/posts\/11932","targetHints":{"allow":["GET"]}}],"collection":[{"href":"https:\/\/www.semanariolocal.cl\/index.php?rest_route=\/wp\/v2\/posts"}],"about":[{"href":"https:\/\/www.semanariolocal.cl\/index.php?rest_route=\/wp\/v2\/types\/post"}],"author":[{"embeddable":true,"href":"https:\/\/www.semanariolocal.cl\/index.php?rest_route=\/wp\/v2\/users\/1"}],"replies":[{"embeddable":true,"href":"https:\/\/www.semanariolocal.cl\/index.php?rest_route=%2Fwp%2Fv2%2Fcomments&post=11932"}],"version-history":[{"count":1,"href":"https:\/\/www.semanariolocal.cl\/index.php?rest_route=\/wp\/v2\/posts\/11932\/revisions"}],"predecessor-version":[{"id":11934,"href":"https:\/\/www.semanariolocal.cl\/index.php?rest_route=\/wp\/v2\/posts\/11932\/revisions\/11934"}],"wp:featuredmedia":[{"embeddable":true,"href":"https:\/\/www.semanariolocal.cl\/index.php?rest_route=\/wp\/v2\/media\/11933"}],"wp:attachment":[{"href":"https:\/\/www.semanariolocal.cl\/index.php?rest_route=%2Fwp%2Fv2%2Fmedia&parent=11932"}],"wp:term":[{"taxonomy":"category","embeddable":true,"href":"https:\/\/www.semanariolocal.cl\/index.php?rest_route=%2Fwp%2Fv2%2Fcategories&post=11932"},{"taxonomy":"post_tag","embeddable":true,"href":"https:\/\/www.semanariolocal.cl\/index.php?rest_route=%2Fwp%2Fv2%2Ftags&post=11932"}],"curies":[{"name":"wp","href":"https:\/\/api.w.org\/{rel}","templated":true}]}}