{"id":11847,"date":"2023-04-19T07:20:00","date_gmt":"2023-04-19T11:20:00","guid":{"rendered":"https:\/\/www.semanariolocal.cl\/?p=11847"},"modified":"2023-04-18T23:03:16","modified_gmt":"2023-04-19T03:03:16","slug":"servicios-farmaceuticos-benefician-a-500-usuarios-de-eleam-y-centro-penitenciario-de-osorno","status":"publish","type":"post","link":"https:\/\/www.semanariolocal.cl\/?p=11847","title":{"rendered":"Servicios farmac\u00e9uticos benefician a 500 usuarios de ELEAM y Centro Penitenciario de Osorno"},"content":{"rendered":"\n<p>El Servicio de Salud Osorno (SSO), a trav\u00e9s del Departamento de Articulaci\u00f3n de la Red Asistencial, ha logrado beneficiar con servicios farmac\u00e9uticos -entre 2022 y 2023- a cerca de 500 usuarios(as) de los Establecimientos de Larga Estad\u00eda para Adultos Mayores (ELEAM), as\u00ed como del Centro Penitenciario (CPO) de la capital provincial; contabilizando, adem\u00e1s, m\u00e1s de 6 mil prescripciones de medicamentos para personas de dichos recintos.<\/p>\n\n\n\n<p>Estas prestaciones de salud se dan en el marco del trabajo intersectorial que lleva adelante el Programa Fondo de Farmacia (FOFAR) del SSO, para enfermedades cr\u00f3nicas no transmisibles en Atenci\u00f3n Primaria, y bajo el cual equipos t\u00e9cnicos realizaron durante el pasado mes de marzo, visitas a estos recintos en la comuna de Osorno, con el prop\u00f3sito de evaluar los procesos de entrega de medicamentos, proyectando el fortalecimiento coordinado de esta gesti\u00f3n. &nbsp;<\/p>\n\n\n\n<p>\u201cSi sumamos ambas estrategias, cerca de 500 usuarios han sido los beneficiarios, donde el foco y la priorizaci\u00f3n est\u00e1 en los que tienen patolog\u00edas cr\u00f3nicas, y adem\u00e1s, m\u00e1s de seis mil prescripciones se han entregado a dichos usuarios\u201d, confirma la qu\u00edmico farmac\u00e9utico y encargada del Programa FOFAR del SSO, Chessarina Tuchie, quien acompa\u00f1\u00f3 estas visitas a terreno.<\/p>\n\n\n\n<p>Junto a ella, en el caso del CPO, asisti\u00f3 el qu\u00edmico farmac\u00e9utico del CESFAM Pampa Alegre, Felipe Hidalgo; mientras que para la visita al Hogar Santa Mar\u00eda (ELEAM Fundaci\u00f3n Las Rosas) acudi\u00f3 el qu\u00edmico farmac\u00e9utico del CESFAM Dr. Marcelo Lopetegui, Nicolas Wagner; y la coordinadora sociosanitaria del SSO, Carolina Obando. &nbsp;<\/p>\n\n\n\n<p>\u201cBajo el alero del programa Fondo de Farmacia y por directriz ministerial, desde el a\u00f1o 2021 se hace \u00e9nfasis en las personas mayores que residen en los Establecimientos de Larga Estad\u00eda, fomentando la relaci\u00f3n intersectorial desde el centro de salud hacia dichos recintos, se buscaron nuevas formas de trabajo, donde los profesionales farmac\u00e9uticos van en apoyo a las prestaciones que all\u00ed se otorgan, capacitando y asesorando en almacenamiento y conservaci\u00f3n de medicamentos, programando las entregas\u201d, explica Tuchie.<\/p>\n\n\n\n<p>Asimismo, la profesional agrega que &nbsp;\u201ca su vez, desde septiembre del a\u00f1o pasado, se inscribieron en unos de los CESFAM de la comuna de Osorno, a usuarios del Centro Penitenciario, donde desde el \u00e1mbito farmac\u00e9utico se les otorgan servicios en asesor\u00eda en la entrega de f\u00e1rmacos y toda la normativa t\u00e9cnica relacionada a esta tem\u00e1tica\u201d.&nbsp;<\/p>\n","protected":false},"excerpt":{"rendered":"<p>SSO desarrolla trabajo intersectorial a trav\u00e9s de la Atenci\u00f3n Primaria, favoreciendo con m\u00e1s de 6 mil prescripciones de medicamentos a estos beneficiarios(as).<\/p>\n","protected":false},"author":1,"featured_media":11848,"comment_status":"closed","ping_status":"closed","sticky":false,"template":"","format":"standard","meta":{"footnotes":""},"categories":[3,9],"tags":[337,273,132,247,133],"class_list":["post-11847","post","type-post","status-publish","format-standard","has-post-thumbnail","hentry","category-al-dia","category-gobierno","tag-informacion","tag-noticias","tag-osorno","tag-region-de-los-lagos","tag-semanario-local"],"_links":{"self":[{"href":"https:\/\/www.semanariolocal.cl\/index.php?rest_route=\/wp\/v2\/posts\/11847","targetHints":{"allow":["GET"]}}],"collection":[{"href":"https:\/\/www.semanariolocal.cl\/index.php?rest_route=\/wp\/v2\/posts"}],"about":[{"href":"https:\/\/www.semanariolocal.cl\/index.php?rest_route=\/wp\/v2\/types\/post"}],"author":[{"embeddable":true,"href":"https:\/\/www.semanariolocal.cl\/index.php?rest_route=\/wp\/v2\/users\/1"}],"replies":[{"embeddable":true,"href":"https:\/\/www.semanariolocal.cl\/index.php?rest_route=%2Fwp%2Fv2%2Fcomments&post=11847"}],"version-history":[{"count":1,"href":"https:\/\/www.semanariolocal.cl\/index.php?rest_route=\/wp\/v2\/posts\/11847\/revisions"}],"predecessor-version":[{"id":11849,"href":"https:\/\/www.semanariolocal.cl\/index.php?rest_route=\/wp\/v2\/posts\/11847\/revisions\/11849"}],"wp:featuredmedia":[{"embeddable":true,"href":"https:\/\/www.semanariolocal.cl\/index.php?rest_route=\/wp\/v2\/media\/11848"}],"wp:attachment":[{"href":"https:\/\/www.semanariolocal.cl\/index.php?rest_route=%2Fwp%2Fv2%2Fmedia&parent=11847"}],"wp:term":[{"taxonomy":"category","embeddable":true,"href":"https:\/\/www.semanariolocal.cl\/index.php?rest_route=%2Fwp%2Fv2%2Fcategories&post=11847"},{"taxonomy":"post_tag","embeddable":true,"href":"https:\/\/www.semanariolocal.cl\/index.php?rest_route=%2Fwp%2Fv2%2Ftags&post=11847"}],"curies":[{"name":"wp","href":"https:\/\/api.w.org\/{rel}","templated":true}]}}