{"id":11844,"date":"2023-04-19T07:15:00","date_gmt":"2023-04-19T11:15:00","guid":{"rendered":"https:\/\/www.semanariolocal.cl\/?p=11844"},"modified":"2023-04-18T22:59:19","modified_gmt":"2023-04-19T02:59:19","slug":"se-abre-la-convocatoria-al-programa-de-fomento-coral-puedes-cantar-2023","status":"publish","type":"post","link":"https:\/\/www.semanariolocal.cl\/?p=11844","title":{"rendered":"Se abre la convocatoria al programa de fomento coral\u00a0Puedes\u00a0Cantar\u00a02023"},"content":{"rendered":"\n<p>\u00bfDiriges un coro de adultos o escolar en la regi\u00f3n de Los R\u00edos o Los Lagos? \u00bfPerteneces a un coro de ni\u00f1os o ni\u00f1as de entre 6 y 9 a\u00f1os? Esta postulaci\u00f3n es para ti. Un programa desarrollado hace 9 a\u00f1os ya, por Fundaci\u00f3n Teatro del Lago junto a&nbsp;Fundaci\u00f3n Ib\u00e1\u00f1ez Atkinson,&nbsp;que&nbsp;busca fomentar el&nbsp;canto&nbsp;coral y fortalecer las agrupaciones corales del territorio.<\/p>\n\n\n\n<p>El 14 de abril se abrieron las postulaciones para el programa&nbsp;<strong>Puedes&nbsp;Cantar&nbsp;2023<\/strong>, que este a\u00f1o contar\u00e1 con dos instancias: \u201cEncuentro de Voces Blancas: Latinoam\u00e9rica canta\u201d, dirigido a coro&nbsp;de ni\u00f1os y ni\u00f1as menores de 9 a\u00f1os de la Regi\u00f3n de los R\u00edos y los Lagos y \u201cPuedes Cantar\u201d para&nbsp;directores de coros infantiles (hasta 9 a\u00f1os), juveniles de 10 a 14 a\u00f1os y coros de adultos, todos ellos, pertenecientes a la Regi\u00f3n de Los R\u00edos y de Los Lagos.<\/p>\n\n\n\n<p>En el \u201cEncuentro de Voces Blancas: Latinoam\u00e9rica canta\u201d se trabajar\u00e1 un repertorio latinoamericano propuesto por los mismos coros, que culminar\u00e1 el&nbsp;<strong>12 de agosto<\/strong>&nbsp;de este a\u00f1o con una presentaci\u00f3n en el anfiteatro de Teatro del Lago, Frutillar. Y los directores de dichos coros participantes, adem\u00e1s, ser\u00e1n parte del coro mixto que interpretar\u00e1 las obras<em>&nbsp;Gloria&nbsp;<\/em>de Antonio Vivaldi y una selecci\u00f3n de cantos latinoamericanos en<em>&nbsp;Puedes Cantar 2023<\/em>, el&nbsp;<strong>18 de noviembre&nbsp;<\/strong>en Espacio Tronador de Teatro del Lago.<\/p>\n\n\n\n<p>El programa&nbsp;<em>Puedes Cantar<\/em>&nbsp;fue creado hace 9 a\u00f1os ya, por Fundaci\u00f3n Teatro del Lago junto a Fundaci\u00f3n Ib\u00e1\u00f1ez Atkinson con el objetivo de fomentar el canto coral y fortalecer las agrupaciones corales del sur de Chile mediante capacitaciones y el montaje de diferentes obras.<\/p>\n\n\n\n<p><em>\u201cLuego de nueve a\u00f1os,&nbsp;Puedes Cantar&nbsp;se ha transformado en un polo de fomento coral en el sur de Chile que, adem\u00e1s de acercar la m\u00fasica, su t\u00e9cnica y belleza a los ni\u00f1os, busca impulsar habilidades y valores importantes para su desarrollo integral. Esperamos que este a\u00f1o se sumen muchos mas<\/em>\u201d, dice Andr\u00e9s Rodr\u00edguez Spoerer, gerente de M\u00fasica de Fundaci\u00f3n Ib\u00e1\u00f1ez Atkinson.<\/p>\n\n\n\n<p>\u201c<em>En este<\/em>&nbsp;Puedes Cantar<em>&nbsp;participar\u00e1n coros escolares y sus directores y coros de j\u00f3venes y adultos de la Regi\u00f3n de los R\u00edos y de Los Lagos, con quienes&nbsp;interpretaremos&nbsp;un repertorio cl\u00e1sico y latinoamericano. Estamos muy expectantes y emocionados&nbsp;de esta&nbsp;nueva convocatoria<\/em>\u201d,se\u00f1ala Jessica Rivas, directora del&nbsp;<em>Puedes Cantar 2023.<\/em><\/p>\n\n\n\n<p>El equipo del<em>&nbsp;Puedes Cantar 2023<\/em>&nbsp;est\u00e1 conformado por&nbsp;<strong>Jessica Rivas,&nbsp;<\/strong>directora del programa y del \u00e1rea vocal Teatro del Lago;&nbsp;<strong>Margot Pares Reyna,<\/strong>&nbsp;a cargo de la preparaci\u00f3n t\u00e9cnica-vocal;&nbsp;<strong>Cecilia Ba\u00f1ados,<\/strong>&nbsp;docente de Coro Infantil de la Escuela de las Artes Teatro del Lago; y&nbsp;<strong>Pamela Campos<\/strong>, coordinadora de proyectos art\u00edsticos Teatro del Lago.Para inscribirse en esta versi\u00f3n 2023 solo hay que ingresar a&nbsp;<a href=\"http:\/\/www.teatrodellago.cl\/\" target=\"_blank\" rel=\"noreferrer noopener\">www.teatrodellago.cl<\/a>.&nbsp;Los cupos son limitados y la convocatoria estar\u00e1 abierta&nbsp;hasta el viernes 12 de mayo a las 12:00 horas.<\/p>\n","protected":false},"excerpt":{"rendered":"<p>El programa\u00a0Puedes Cantar\u00a0fue creado hace 9 a\u00f1os ya, por Fundaci\u00f3n Teatro del Lago junto a Fundaci\u00f3n Ib\u00e1\u00f1ez Atkinson con el objetivo de fomentar el canto coral y fortalecer las agrupaciones corales del sur de Chile mediante capacitaciones y el montaje de diferentes obras.<\/p>\n","protected":false},"author":1,"featured_media":11845,"comment_status":"closed","ping_status":"closed","sticky":false,"template":"","format":"standard","meta":{"footnotes":""},"categories":[10],"tags":[1799,107,337,273,132,247,133],"class_list":["post-11844","post","type-post","status-publish","format-standard","has-post-thumbnail","hentry","category-cultura","tag-coro","tag-cultura","tag-informacion","tag-noticias","tag-osorno","tag-region-de-los-lagos","tag-semanario-local"],"_links":{"self":[{"href":"https:\/\/www.semanariolocal.cl\/index.php?rest_route=\/wp\/v2\/posts\/11844","targetHints":{"allow":["GET"]}}],"collection":[{"href":"https:\/\/www.semanariolocal.cl\/index.php?rest_route=\/wp\/v2\/posts"}],"about":[{"href":"https:\/\/www.semanariolocal.cl\/index.php?rest_route=\/wp\/v2\/types\/post"}],"author":[{"embeddable":true,"href":"https:\/\/www.semanariolocal.cl\/index.php?rest_route=\/wp\/v2\/users\/1"}],"replies":[{"embeddable":true,"href":"https:\/\/www.semanariolocal.cl\/index.php?rest_route=%2Fwp%2Fv2%2Fcomments&post=11844"}],"version-history":[{"count":1,"href":"https:\/\/www.semanariolocal.cl\/index.php?rest_route=\/wp\/v2\/posts\/11844\/revisions"}],"predecessor-version":[{"id":11846,"href":"https:\/\/www.semanariolocal.cl\/index.php?rest_route=\/wp\/v2\/posts\/11844\/revisions\/11846"}],"wp:featuredmedia":[{"embeddable":true,"href":"https:\/\/www.semanariolocal.cl\/index.php?rest_route=\/wp\/v2\/media\/11845"}],"wp:attachment":[{"href":"https:\/\/www.semanariolocal.cl\/index.php?rest_route=%2Fwp%2Fv2%2Fmedia&parent=11844"}],"wp:term":[{"taxonomy":"category","embeddable":true,"href":"https:\/\/www.semanariolocal.cl\/index.php?rest_route=%2Fwp%2Fv2%2Fcategories&post=11844"},{"taxonomy":"post_tag","embeddable":true,"href":"https:\/\/www.semanariolocal.cl\/index.php?rest_route=%2Fwp%2Fv2%2Ftags&post=11844"}],"curies":[{"name":"wp","href":"https:\/\/api.w.org\/{rel}","templated":true}]}}