{"id":11835,"date":"2023-04-18T22:08:08","date_gmt":"2023-04-19T02:08:08","guid":{"rendered":"https:\/\/www.semanariolocal.cl\/?p=11835"},"modified":"2023-04-18T22:08:09","modified_gmt":"2023-04-19T02:08:09","slug":"prochile-destaca-que-exportaciones-de-los-lagos-crecen-7-durante-primer-trimestre-de-2023","status":"publish","type":"post","link":"https:\/\/www.semanariolocal.cl\/?p=11835","title":{"rendered":"ProChile destaca que exportaciones de Los Lagos crecen 7% durante primer trimestre de 2023"},"content":{"rendered":"\n<p>La acuicultura, tanto de salm\u00f3n y trucha como de mejillones, sigue impulsando las exportaciones de la Regi\u00f3n de Los Lagos, que crecieron un 7 % durante el primer trimestre de 2023 en comparaci\u00f3n al mismo per\u00edodo del a\u00f1o pasado, llegando a un total de US$ 1.859 millones.<\/p>\n\n\n\n<p>El Director Regional de ProChile en Los Lagos, Ricardo Arriagada, valor\u00f3 como \u201cuna noticia muy positiva que las exportaciones regionales contin\u00faen creciendo, porque ello permite fortalecer a la econom\u00eda local, gracias a los ingresos provenientes del exterior\u201d.<\/p>\n\n\n\n<p>En particular, destac\u00f3 que el sector Pesca y Acuicultura tuviera un crecimiento del 8,2 % en el primer trimestre, impulsado por el salm\u00f3n y trucha, con ventas que alcanzaron los US$ 1.537 millones a nivel regional, lo que es US$ 77 millones superior a lo logrado en el mismo per\u00edodo del a\u00f1o pasado. Lo mismo con mejillones (cholgas, choritos y choros) que subieron US$ 20 millones, alcanzando los US$ 70 millones en el per\u00edodo mencionado.<\/p>\n\n\n\n<p>Otros productos relevantes exportados por la regi\u00f3n fueron aceites de pescado (US$ 48 millones), carraghenina (US$ 27 millones), harinas de pescado y crust\u00e1ceo (US$ 26 millones), madera en plaquitas (US$ 19 millones), alimentos infantiles (US$ 18 millones), carne de bovinos (US$ 17 millones) y cerezas frescas (US$ 12 millones).<\/p>\n\n\n\n<p>Por destinos, el principal mercado para los productos regionales en el primer trimestre fue Estados Unidos, con una participaci\u00f3n del 37 %, seguida de Jap\u00f3n (18 %), Brasil (8 %), Rusia (5 %) y China (5 %).<\/p>\n\n\n\n<p>Arriagada expres\u00f3 que \u201cestos resultados nos permiten mantener el optimismo en el desempe\u00f1o econ\u00f3mico de la regi\u00f3n. En ProChile estamos poniendo un especial \u00e9nfasis en las Pymes regionales, para que estas puedan salir al mundo con sus bienes y servicios, diversificando los mercados de destino\u201d.<\/p>\n","protected":false},"excerpt":{"rendered":"<p>Director regional indic\u00f3 que env\u00edos al exterior fueron impulsados por el salm\u00f3n y trucha, que aumentaron en US$ 77 millones respecto al primer trimestre de 2022.<\/p>\n","protected":false},"author":1,"featured_media":11836,"comment_status":"closed","ping_status":"closed","sticky":false,"template":"","format":"standard","meta":{"footnotes":""},"categories":[3,12],"tags":[337,273,132,247,133],"class_list":["post-11835","post","type-post","status-publish","format-standard","has-post-thumbnail","hentry","category-al-dia","category-economia","tag-informacion","tag-noticias","tag-osorno","tag-region-de-los-lagos","tag-semanario-local"],"_links":{"self":[{"href":"https:\/\/www.semanariolocal.cl\/index.php?rest_route=\/wp\/v2\/posts\/11835","targetHints":{"allow":["GET"]}}],"collection":[{"href":"https:\/\/www.semanariolocal.cl\/index.php?rest_route=\/wp\/v2\/posts"}],"about":[{"href":"https:\/\/www.semanariolocal.cl\/index.php?rest_route=\/wp\/v2\/types\/post"}],"author":[{"embeddable":true,"href":"https:\/\/www.semanariolocal.cl\/index.php?rest_route=\/wp\/v2\/users\/1"}],"replies":[{"embeddable":true,"href":"https:\/\/www.semanariolocal.cl\/index.php?rest_route=%2Fwp%2Fv2%2Fcomments&post=11835"}],"version-history":[{"count":1,"href":"https:\/\/www.semanariolocal.cl\/index.php?rest_route=\/wp\/v2\/posts\/11835\/revisions"}],"predecessor-version":[{"id":11837,"href":"https:\/\/www.semanariolocal.cl\/index.php?rest_route=\/wp\/v2\/posts\/11835\/revisions\/11837"}],"wp:featuredmedia":[{"embeddable":true,"href":"https:\/\/www.semanariolocal.cl\/index.php?rest_route=\/wp\/v2\/media\/11836"}],"wp:attachment":[{"href":"https:\/\/www.semanariolocal.cl\/index.php?rest_route=%2Fwp%2Fv2%2Fmedia&parent=11835"}],"wp:term":[{"taxonomy":"category","embeddable":true,"href":"https:\/\/www.semanariolocal.cl\/index.php?rest_route=%2Fwp%2Fv2%2Fcategories&post=11835"},{"taxonomy":"post_tag","embeddable":true,"href":"https:\/\/www.semanariolocal.cl\/index.php?rest_route=%2Fwp%2Fv2%2Ftags&post=11835"}],"curies":[{"name":"wp","href":"https:\/\/api.w.org\/{rel}","templated":true}]}}