{"id":11832,"date":"2023-04-18T18:27:49","date_gmt":"2023-04-18T22:27:49","guid":{"rendered":"https:\/\/www.semanariolocal.cl\/?p=11832"},"modified":"2023-04-18T18:27:50","modified_gmt":"2023-04-18T22:27:50","slug":"se-inicia-proyecto-para-construir-politica-regional-de-personas-mayores","status":"publish","type":"post","link":"https:\/\/www.semanariolocal.cl\/?p=11832","title":{"rendered":"Se inicia proyecto para construir pol\u00edtica regional de personas mayores"},"content":{"rendered":"\n<p>Con la presencia de autoridades de Los Lagos, este lunes se dio inicio al proyecto \u201cConstrucci\u00f3n Pol\u00edtica Regional de las Personas Mayores Regi\u00f3n de Los Lagos\u201d, que se realiza en conjunto con el Gobierno Regional.<\/p>\n\n\n\n<p>Este proyecto tiene como objetivo la&nbsp;<strong>construcci\u00f3n de una pol\u00edtica p\u00fablica regional para mejorar la calidad de vida de las personas mayores<\/strong>. La primera etapa de diagn\u00f3stico, que acaba de comenzar, contempla la realizaci\u00f3n de talleres participativos con personas mayores de toda la regi\u00f3n, donde podr\u00e1n dar a conocer sus principales problem\u00e1ticas y necesidades. Posteriormente, en base a esta informaci\u00f3n, se redactar\u00e1 una pol\u00edtica regional que se haga cargo de las tem\u00e1ticas m\u00e1s relevantes y urgentes en tem\u00e1ticas de vejez y envejecimiento.<\/p>\n\n\n\n<p>Al evento de lanzamiento, asisti\u00f3 el Gobernador Regional, Patricio Vallesp\u00edn, y el Consejero Regional, Manuel Rivera. Respecto a este proyecto, Vallesp\u00edn se\u00f1al\u00f3 lo in\u00e9dita que es esta instancia.<\/p>\n\n\n\n<p>\u201cSomos la \u00fanica regi\u00f3n de Chile impulsando una pol\u00edtica regional de adulto mayor. Creemos que ha sido muy bien acogida por la comunidad, hay mucho entusiasmo y confianza de que, teniendo una pol\u00edtica regional, es factible tener programas permanentes que sean pertinentes a nuestras particularidades, que tengan un mayor impacto\u201d, asegur\u00f3 el gobernador.<\/p>\n\n\n\n<p>Desde el Centro de Estudios en Vejez y Envejecimiento de la UC, Sara Caro, directora del proyecto, destac\u00f3 la urgencia de abordar las problem\u00e1ticas de personas mayores en nuestro pa\u00eds:<\/p>\n\n\n\n<p>\u00abNo debemos perder de vista que&nbsp;<strong>Chile tiene un envejecimiento muy avanzado de su poblaci\u00f3n<\/strong>&nbsp;y, por lo tanto, requerimos del desarrollo de pol\u00edticas y programas sociales con pertinencia territorial, que reconozcan y pongan en valor la diversidad de las personas mayores a lo largo del pa\u00eds\u201d, dijo Caro.<\/p>\n\n\n\n<p>Adem\u00e1s, hace una invitaci\u00f3n a que los vecinos y vecinas de Los Lagos participen activamente de este proceso para que la pol\u00edtica regional sea completa e inclusiva.<\/p>\n\n\n\n<p>Dentro de los asistentes a este primer taller, Eliana D\u00edaz, presidenta del club Los Volcanes, de la localidad de Alerce, se\u00f1al\u00f3 la importancia de este tipo de proyectos, que promueven la participaci\u00f3n de personas de la tercera edad.<\/p>\n\n\n\n<p>\u201cSomos muy activos, somos un grupo de gente que estamos dispuestos a participar en lo que se nos pida porque tenemos tiempo. Ahora lo que queremos es aportar, por eso hubo tanta convocatoria. Necesitamos ser escuchados para poder aportar y que nuestro grupo etario tenga mejores posibilidades de vida\u201d, expres\u00f3 D\u00edaz.&nbsp;<\/p>\n","protected":false},"excerpt":{"rendered":"<p>Al evento de lanzamiento, asisti\u00f3 el Gobernador Regional, Patricio Vallesp\u00edn, y el Consejero Regional, Manuel Rivera. Respecto a este proyecto, Vallesp\u00edn se\u00f1al\u00f3 lo in\u00e9dita que es esta instancia.<\/p>\n","protected":false},"author":1,"featured_media":11833,"comment_status":"closed","ping_status":"closed","sticky":false,"template":"","format":"standard","meta":{"footnotes":""},"categories":[3,9],"tags":[128,337,273,132,247,133],"class_list":["post-11832","post","type-post","status-publish","format-standard","has-post-thumbnail","hentry","category-al-dia","category-gobierno","tag-gore-2","tag-informacion","tag-noticias","tag-osorno","tag-region-de-los-lagos","tag-semanario-local"],"_links":{"self":[{"href":"https:\/\/www.semanariolocal.cl\/index.php?rest_route=\/wp\/v2\/posts\/11832","targetHints":{"allow":["GET"]}}],"collection":[{"href":"https:\/\/www.semanariolocal.cl\/index.php?rest_route=\/wp\/v2\/posts"}],"about":[{"href":"https:\/\/www.semanariolocal.cl\/index.php?rest_route=\/wp\/v2\/types\/post"}],"author":[{"embeddable":true,"href":"https:\/\/www.semanariolocal.cl\/index.php?rest_route=\/wp\/v2\/users\/1"}],"replies":[{"embeddable":true,"href":"https:\/\/www.semanariolocal.cl\/index.php?rest_route=%2Fwp%2Fv2%2Fcomments&post=11832"}],"version-history":[{"count":1,"href":"https:\/\/www.semanariolocal.cl\/index.php?rest_route=\/wp\/v2\/posts\/11832\/revisions"}],"predecessor-version":[{"id":11834,"href":"https:\/\/www.semanariolocal.cl\/index.php?rest_route=\/wp\/v2\/posts\/11832\/revisions\/11834"}],"wp:featuredmedia":[{"embeddable":true,"href":"https:\/\/www.semanariolocal.cl\/index.php?rest_route=\/wp\/v2\/media\/11833"}],"wp:attachment":[{"href":"https:\/\/www.semanariolocal.cl\/index.php?rest_route=%2Fwp%2Fv2%2Fmedia&parent=11832"}],"wp:term":[{"taxonomy":"category","embeddable":true,"href":"https:\/\/www.semanariolocal.cl\/index.php?rest_route=%2Fwp%2Fv2%2Fcategories&post=11832"},{"taxonomy":"post_tag","embeddable":true,"href":"https:\/\/www.semanariolocal.cl\/index.php?rest_route=%2Fwp%2Fv2%2Ftags&post=11832"}],"curies":[{"name":"wp","href":"https:\/\/api.w.org\/{rel}","templated":true}]}}