{"id":11823,"date":"2023-04-18T18:00:54","date_gmt":"2023-04-18T22:00:54","guid":{"rendered":"https:\/\/www.semanariolocal.cl\/?p=11823"},"modified":"2023-04-18T18:00:55","modified_gmt":"2023-04-18T22:00:55","slug":"seremi-de-agricultura-presenta-al-nuevo-director-regional-de-indap-los-lagos","status":"publish","type":"post","link":"https:\/\/www.semanariolocal.cl\/?p=11823","title":{"rendered":"Seremi de Agricultura presenta al nuevo director regional de INDAP Los Lagos"},"content":{"rendered":"\n<p>Esta ma\u00f1ana, en el Centro de Administraci\u00f3n Regional, la Seremi de Agricultura Tania Salas present\u00f3 a Francisco Parada Bustamante quien ser\u00e1 el encargado de dirigir al Instituto de Desarrollo Agropecuario (INDAP) en Los Lagos. El&nbsp;Ingeniero Agr\u00f3nomo, de 38 a\u00f1os y titulado de la Pontificia Universidad Cat\u00f3lica de Valpara\u00edso, se suma al gabinete del agro regional tras ser elegido por el sistema de Alta Direcci\u00f3n P\u00fablica.<\/p>\n\n\n\n<p>\u201cEl director de INDAP Los Lagos es especialista en desarrollo rural y agroecolog\u00eda, temas de alta relevancia para el Ministerio de Agricultura durante este periodo de Gobierno, adem\u00e1s, posee vasta experiencia en extensi\u00f3n rural, algo muy importante para la Regi\u00f3n de Los Lagos que tiene un 90% de ruralidad, as\u00ed como conocimiento en el&nbsp;&nbsp;dise\u00f1o, gesti\u00f3n y ejecuci\u00f3n de pol\u00edticas p\u00fablicas para la agricultura familiar campesina e ind\u00edgena. Por lo tanto, recibimos al nuevo director regional del organismo de fomento con mucha satisfacci\u00f3n y le deseamos el mayor de los \u00e9xitos en su gesti\u00f3n\u201d, se\u00f1al\u00f3 la Seremi de Agricultura, Tania Salas.<\/p>\n\n\n\n<p>El profesional que dirigir\u00e1 INDAP Los Lagos es un funcionario de carrera en la instituci\u00f3n, desempe\u00f1\u00e1ndose por varios a\u00f1os como jefe t\u00e9cnico del programa Prodesal, liderando tambi\u00e9n una agencia de \u00e1rea y los departamentos de Inversiones y de Extensi\u00f3n en el nivel central.<\/p>\n\n\n\n<p>\u201cEn nuestra regi\u00f3n las pol\u00edticas p\u00fablicas para la Agricultura Familiar Campesina son fundamentales y asumo este desaf\u00edo con mucho compromiso y entusiasmo, para poder potenciar la calidad de vida rural, la profundizaci\u00f3n de los programas Prodesal y PDTI, con foco en mujeres, j\u00f3venes y en nuestra poblaci\u00f3n ind\u00edgena. Otro \u00e9nfasis importante ser\u00e1 la transici\u00f3n a la agroecolog\u00eda para generar sistemas m\u00e1s sostenibles y resilientes. Tenemos un mandato fundamental de nuestro Presidente Gabriel Boric y de la direcci\u00f3n nacional de INDAP de estar presentes en los territorios a lo largo de toda la Regi\u00f3n de Los Lagos\u201d, se\u00f1al\u00f3 Francisco Parada, nuevo director regional.<\/p>\n\n\n\n<p>Entre sus primeras actividades p\u00fablicas, el director de INDAP Los Lagos junto a la Seremi de Agricultura sostuvieron una reuni\u00f3n con el Gobernador Regional, Patricio Vallesp\u00edn, para analizar diversas iniciativas en beneficio del desarrollo productivo de la agricultura familiar campesina en la regi\u00f3n.<\/p>\n","protected":false},"excerpt":{"rendered":"<p>Se trata del Ingeniero Agr\u00f3nomo Francisco Parada Bustamante, quien liderar\u00e1 este importante servicio del agro en la regi\u00f3n tras ser elegido por el sistema de Alta Direcci\u00f3n P\u00fablica.<\/p>\n","protected":false},"author":1,"featured_media":11824,"comment_status":"closed","ping_status":"closed","sticky":false,"template":"","format":"standard","meta":{"footnotes":""},"categories":[20],"tags":[1794,810,337,273,132,247,133,1417],"class_list":["post-11823","post","type-post","status-publish","format-standard","has-post-thumbnail","hentry","category-agro","tag-francisco-parada-bustamante","tag-indap","tag-informacion","tag-noticias","tag-osorno","tag-region-de-los-lagos","tag-semanario-local","tag-seremi-de-agricultura"],"_links":{"self":[{"href":"https:\/\/www.semanariolocal.cl\/index.php?rest_route=\/wp\/v2\/posts\/11823","targetHints":{"allow":["GET"]}}],"collection":[{"href":"https:\/\/www.semanariolocal.cl\/index.php?rest_route=\/wp\/v2\/posts"}],"about":[{"href":"https:\/\/www.semanariolocal.cl\/index.php?rest_route=\/wp\/v2\/types\/post"}],"author":[{"embeddable":true,"href":"https:\/\/www.semanariolocal.cl\/index.php?rest_route=\/wp\/v2\/users\/1"}],"replies":[{"embeddable":true,"href":"https:\/\/www.semanariolocal.cl\/index.php?rest_route=%2Fwp%2Fv2%2Fcomments&post=11823"}],"version-history":[{"count":1,"href":"https:\/\/www.semanariolocal.cl\/index.php?rest_route=\/wp\/v2\/posts\/11823\/revisions"}],"predecessor-version":[{"id":11825,"href":"https:\/\/www.semanariolocal.cl\/index.php?rest_route=\/wp\/v2\/posts\/11823\/revisions\/11825"}],"wp:featuredmedia":[{"embeddable":true,"href":"https:\/\/www.semanariolocal.cl\/index.php?rest_route=\/wp\/v2\/media\/11824"}],"wp:attachment":[{"href":"https:\/\/www.semanariolocal.cl\/index.php?rest_route=%2Fwp%2Fv2%2Fmedia&parent=11823"}],"wp:term":[{"taxonomy":"category","embeddable":true,"href":"https:\/\/www.semanariolocal.cl\/index.php?rest_route=%2Fwp%2Fv2%2Fcategories&post=11823"},{"taxonomy":"post_tag","embeddable":true,"href":"https:\/\/www.semanariolocal.cl\/index.php?rest_route=%2Fwp%2Fv2%2Ftags&post=11823"}],"curies":[{"name":"wp","href":"https:\/\/api.w.org\/{rel}","templated":true}]}}