{"id":11820,"date":"2023-04-18T16:59:24","date_gmt":"2023-04-18T20:59:24","guid":{"rendered":"https:\/\/www.semanariolocal.cl\/?p=11820"},"modified":"2023-04-18T16:59:42","modified_gmt":"2023-04-18T20:59:42","slug":"en-puerto-montt-se-realizo-jornada-de-capacitacion-de-fondos-concursables-y-becas-laborales","status":"publish","type":"post","link":"https:\/\/www.semanariolocal.cl\/?p=11820","title":{"rendered":"En Puerto Montt se realiz\u00f3 jornada de capacitaci\u00f3n de fondos concursables y becas laborales"},"content":{"rendered":"\n<p>Una masiva concurrencia se registr\u00f3 en Puerto Montt, en el Hotel Vicente Costanera, lugar donde se realiz\u00f3 actividad de difusi\u00f3n de Sence a la comunidad y a instituciones p\u00fablicas y privadas sin fines de lucro, sobre el proceso de postulaci\u00f3n a los Fondos Concursables, Becas Laborales Sence 2023.<\/p>\n\n\n\n<p>La actividad, encabezada por \u00c1ngel Cabrera, seremi del Trabajo y Previsi\u00f3n Social y el director regional de Sence, Mauricio Toro consisti\u00f3 en la exposici\u00f3n sobre el proceso de postulaci\u00f3n a los Fondos Concursables, Becas Laborales de parte de Edgardo Seymour, profesional de la Unidad de Capacitaci\u00f3n nivel central de Sence y encargado nacional del programa Talento Digital.<\/p>\n\n\n\n<p>Al respecto, \u00c1ngel Cabrera seremi del Trabajo y Previsi\u00f3n Social precis\u00f3 que \u201cvaloramos la realizaci\u00f3n de esta jornada informativa donde diversas organizaciones p\u00fablicas y privadas y el p\u00fablico en general pudieron conocer los lineamientos del proceso de postulaci\u00f3n a los Fondos Concursables, Becas Laborales Sence 2023. Con este programa junto a Sence queremos llegar a cubrir diversas materias de capacitaci\u00f3n en oficios demandadas por las comunidades desde los territorios, por lo que hacemos el llamado a postular a los organismos p\u00fablicos y las instituciones sin fines de lucro habilitadas para que puedan acceder a estos recursos y realizar las capacitaciones gratuitas que los vecinos y vecinas de la regi\u00f3n requieren para mejorar su empleabilidad\u201d.<\/p>\n\n\n\n<p>Mauricio Toro, director regional de Sence Los Lagos, manifest\u00f3 que \u201ccomo equipo Sence, hemos recorrido y conversando con los distintos usuarios\/as de la regi\u00f3n, conociendo las necesidades de capacitaci\u00f3n con pertinencia local. Las Becas Laborales son un instrumento que el Servicio dispone para realizar capacitaciones en oficios con enfoque en competencias laborales que buscan posibilitar el acceso a un trabajo dependiente o independiente de calidad, a personas que se encuentran en b\u00fasqueda de un empleo o requieren mejorar el que ya tienen. Por tal raz\u00f3n, invitamos a las diversas instituciones p\u00fablicas y privadas a que realicen sus propuestas de capacitaci\u00f3n, el plazo es hasta el 6 de mayo y nuestras oficinas y toda nuestra red Omil estar\u00e1 disponible para apoyar este proceso\u201d.<\/p>\n\n\n\n<p>Edgardo Seymour, profesional de Sence que realiz\u00f3 la exposici\u00f3n manifest\u00f3 que \u201creinstaurar el tema de los Fondos Concursables, Becas Laborales Sence es un proyecto de descentralizaci\u00f3n, donde la toma de decisiones de capacitaci\u00f3n pasa hacer parte de las entidades locales y no desde un nivel central o desde Santiago como se suele decir. Por lo tanto, en esta jornada realizamos una capacitaci\u00f3n con los mecanismos, con la normativa asociada y el paso a paso que permite a una entidad postular a los Fondos Concursables Becas Laborales de manera correcta\u201d.<\/p>\n\n\n\n<p><strong>&nbsp;Pueden Postular:<\/strong><\/p>\n\n\n\n<p><strong>Instituciones sin fines de lucro:<\/strong> Fundaciones, Corporaciones, Cooperativas, Asociaciones y comunidades ind\u00edgenas, Federaciones, Confederaciones, Gremios y Organizaciones Sindicales<\/p>\n\n\n\n<p><strong>Instituciones p\u00fablicas:<\/strong> Municipalidades y Entidades p\u00fablicas centralizadas con atenci\u00f3n de poblaci\u00f3n relevante para la gesti\u00f3n del SENCE, como SERNAMEG, SENADIS, INJUV, SAG, FOSIS, PRODEMU y GENCHI.<\/p>\n\n\n\n<p>Una vez evaluadas y seleccionas las solicitudes de cursos a financiar, el Servicio distribuir\u00e1 los fondos los OTIC para que sean licitados y adjudicados a los Ejecutores seg\u00fan las bases administrativas definidas por el Servicio.<\/p>\n\n\n\n<p><strong>\u00bfC\u00f3mo funciona el Programa Becas Laborales?<\/strong><\/p>\n\n\n\n<p>\u2022&nbsp;&nbsp;&nbsp;&nbsp;&nbsp;&nbsp;&nbsp;&nbsp;&nbsp;&nbsp;&nbsp;&nbsp; Las Entidades Requirentes (ER) solicitan a SENCE autorice el financiamiento de cursos de capacitaci\u00f3n para sus usuarios\/as o asociados\/as. que deben pertenecer a la poblaci\u00f3n objetivo del Programa.<\/p>\n\n\n\n<p>\u2022&nbsp;&nbsp;&nbsp;&nbsp;&nbsp;&nbsp;&nbsp;&nbsp;&nbsp;&nbsp;&nbsp;&nbsp; Sence eval\u00faa y selecciona las solicitudes de cursos a financiar y los distribuye a los OTIC para que sean licitados.<\/p>\n\n\n\n<p>\u2022&nbsp;&nbsp;&nbsp;&nbsp;&nbsp;&nbsp;&nbsp;&nbsp;&nbsp;&nbsp;&nbsp;&nbsp; Los Organismos T\u00e9cnicos Intermedios (OTIC) licitan los cursos que SENCE selecciona y los adjudica a los Ejecutores conforme a las bases administrativas definidas por el SENCE.<\/p>\n\n\n\n<p><strong><u>Beneficios<\/u><\/strong><\/p>\n\n\n\n<p>\u2022 Capacitaci\u00f3n gratuita.<\/p>\n\n\n\n<p>\u2022 Subsidio diario de $4.000 por participante por d\u00eda asistido a clases durante la fase lectiva.<\/p>\n\n\n\n<p>\u2022 Subsidio de herramientas de $250.000 por participante, dependiendo del tipo de curso.<\/p>\n\n\n\n<p>\u2022 Subsidio de cuidados de $5.000 por participante por d\u00eda asistido para el cuidado de ni\u00f1os y ni\u00f1as de hasta 6 a\u00f1os, independiente del n\u00famero de hijos o hijas.<\/p>\n\n\n\n<p>\u2022 Subsidio para certificaciones y\/o licencias habilitantes para el oficio.<\/p>\n\n\n\n<p>\u2022 Seguro de accidentes para el trabajador y trabajadora.<\/p>\n\n\n\n<p>Se recuerda que el proceso de postulaci\u00f3n a los Fondos Concursables, Becas Laborales estar\u00e1 abierto hasta el s\u00e1bado 6 de mayo hasta la 14:00 en <a href=\"http:\/\/www.sence.cl\">www.sence.cl<\/a>&nbsp; p\u00e1gina donde se podr\u00e1 disponer de m\u00e1s informaci\u00f3n de este per\u00edodo.<\/p>\n","protected":false},"excerpt":{"rendered":"<p>Diversas organizaciones publico y privadas sin fines de lucro llegaron al hotel Vicente Costanera de la capital regional, para informarse de este proceso de Sence que busca proveer a la ciudadan\u00eda de cursos gratuitos en oficios y que tiene plazo de postulaci\u00f3n hasta el 6 de mayo.<\/p>\n","protected":false},"author":1,"featured_media":11821,"comment_status":"closed","ping_status":"closed","sticky":false,"template":"","format":"standard","meta":{"footnotes":""},"categories":[3,12,9],"tags":[492,337,273,132,133,853],"class_list":["post-11820","post","type-post","status-publish","format-standard","has-post-thumbnail","hentry","category-al-dia","category-economia","category-gobierno","tag-capacitacion","tag-informacion","tag-noticias","tag-osorno","tag-semanario-local","tag-sence"],"_links":{"self":[{"href":"https:\/\/www.semanariolocal.cl\/index.php?rest_route=\/wp\/v2\/posts\/11820","targetHints":{"allow":["GET"]}}],"collection":[{"href":"https:\/\/www.semanariolocal.cl\/index.php?rest_route=\/wp\/v2\/posts"}],"about":[{"href":"https:\/\/www.semanariolocal.cl\/index.php?rest_route=\/wp\/v2\/types\/post"}],"author":[{"embeddable":true,"href":"https:\/\/www.semanariolocal.cl\/index.php?rest_route=\/wp\/v2\/users\/1"}],"replies":[{"embeddable":true,"href":"https:\/\/www.semanariolocal.cl\/index.php?rest_route=%2Fwp%2Fv2%2Fcomments&post=11820"}],"version-history":[{"count":1,"href":"https:\/\/www.semanariolocal.cl\/index.php?rest_route=\/wp\/v2\/posts\/11820\/revisions"}],"predecessor-version":[{"id":11822,"href":"https:\/\/www.semanariolocal.cl\/index.php?rest_route=\/wp\/v2\/posts\/11820\/revisions\/11822"}],"wp:featuredmedia":[{"embeddable":true,"href":"https:\/\/www.semanariolocal.cl\/index.php?rest_route=\/wp\/v2\/media\/11821"}],"wp:attachment":[{"href":"https:\/\/www.semanariolocal.cl\/index.php?rest_route=%2Fwp%2Fv2%2Fmedia&parent=11820"}],"wp:term":[{"taxonomy":"category","embeddable":true,"href":"https:\/\/www.semanariolocal.cl\/index.php?rest_route=%2Fwp%2Fv2%2Fcategories&post=11820"},{"taxonomy":"post_tag","embeddable":true,"href":"https:\/\/www.semanariolocal.cl\/index.php?rest_route=%2Fwp%2Fv2%2Ftags&post=11820"}],"curies":[{"name":"wp","href":"https:\/\/api.w.org\/{rel}","templated":true}]}}