{"id":11791,"date":"2023-04-18T10:18:07","date_gmt":"2023-04-18T14:18:07","guid":{"rendered":"https:\/\/www.semanariolocal.cl\/?p=11791"},"modified":"2023-04-18T10:23:03","modified_gmt":"2023-04-18T14:23:03","slug":"kenzaburo-hiraki-y-la-discapacidad-mental","status":"publish","type":"post","link":"https:\/\/www.semanariolocal.cl\/?p=11791","title":{"rendered":"Kenzaburo, Hiraki y la discapacidad mental"},"content":{"rendered":"\n<p>Hace poco m\u00e1s de un mes, a los 88 a\u00f1os, muri\u00f3 Kenzaburo O\u00e9, el segundo japon\u00e9s en ganar el premio Nobel de Literatura. Lo consigui\u00f3 en 1994 por una obra marcada por sus posiciones antibelicistas, pero sobre todo por la discapacidad mental de su hijo mayor, Hiraki.<\/p>\n\n\n\n<p>Considerado \u201cun activista por la dignidad\u201d, su historia creativa puso a su primog\u00e9nito al centro de su obra, convirtiendo al escritor en \u201cun profesional de la expresi\u00f3n del dolor humano\u201d. Hiraki naci\u00f3 con autismo e hidrocefalia y, tras una temprana intervenci\u00f3n quir\u00fargica, qued\u00f3 con una discapacidad mental irreversible. &nbsp;<\/p>\n\n\n\n<p>El siquiatra asturiano, acad\u00e9mico, asesor en materia de salud mental de diversos gobiernos y comunidades, V\u00edctor Aparicio Basauri, quien ser\u00e1 el expositor principal en el seminario donde Hogar de Cristo lanzar\u00e1 el estudio \u201cDel Dicho al Derecho: Trayectorias de Inclusi\u00f3n Social de Personas con Discapacidad Mental en Contextos de Pobreza y Vulnerabilidad\u201d, ha citado al Nobel japon\u00e9s como un modelo de empat\u00eda en relaci\u00f3n a las personas con males siqui\u00e1tricos, intelectuales o cognitivos. Empat\u00eda, palabra que se puso de moda hace unas d\u00e9cadas, que quiere decir ponerse en el lugar del otro y que hoy seguimos usando mucho pero practicando poco.<\/p>\n\n\n\n<p>Fue la temprana condici\u00f3n de Hiraki, la que llev\u00f3 al escritor a Hiroshima, la ciudad arrasada por la bomba at\u00f3mica. All\u00ed, en los a\u00f1os 60, entre los sobrevivientes, muchos de ellos con secuelas a causa de la radiaci\u00f3n, aprendi\u00f3 de \u201csu coraje, su manera de vivir y de pensar. Aunque parezca raro, fui yo el que sal\u00ed de all\u00ed animado por ellos, y no al rev\u00e9s.&nbsp;Vincul\u00e9 mi dolor personal al de aquellos hombres y mujeres, decid\u00ed resistir y luchar como ellos\u201d, dijo en una entrevista.<\/p>\n\n\n\n<p>Luchar, en su caso, se tradujo en incluir a su hijo en todo. En sumarlo como uno m\u00e1s y no permitir que otros lo marginaran. En no ocultar su discapacidad y en estimular sus talentos\u2026 partiendo por reconocer que los ten\u00eda.<\/p>\n\n\n<div class=\"wp-block-image\">\n<figure class=\"alignleft size-large is-resized\"><img loading=\"lazy\" decoding=\"async\" src=\"https:\/\/www.semanariolocal.cl\/wp-content\/uploads\/2023\/04\/periodista-400x600.jpg\" alt=\"\" class=\"wp-image-11794\" width=\"339\" height=\"509\" srcset=\"https:\/\/www.semanariolocal.cl\/wp-content\/uploads\/2023\/04\/periodista-400x600.jpg 400w, https:\/\/www.semanariolocal.cl\/wp-content\/uploads\/2023\/04\/periodista-200x300.jpg 200w, https:\/\/www.semanariolocal.cl\/wp-content\/uploads\/2023\/04\/periodista.jpg 600w\" sizes=\"auto, (max-width: 339px) 100vw, 339px\" \/><\/figure>\n<\/div>\n\n\n<p>La publicaci\u00f3n que presentamos como Hogar de Cristo busca lograr eso que consigui\u00f3 ese padre notable: darles voz y consideraci\u00f3n a personas normalmente no consideradas, invisibles. En el mejor de los casos, infantilizadas, y en el peor, temidas, abusadas, marginadas, escondidas al fondo de un patio, en condiciones lamentables.<\/p>\n\n\n\n<p>Las cifras que contiene hablan por s\u00ed mismas. Reproduzco algunas: existen 155.786 personas con discapacidad mental (CASEN 2017); de las cuales el 43,7% son hombres y el 56,3%, mujeres. El 48,9% tiene 59 y m\u00e1s a\u00f1os, porque la poblaci\u00f3n vive m\u00e1s y la discapacidad mental tiene a aumentar progresivamente a mayor edad. El 35,4% de las personas con discapacidad mental no sabe leer ni escribir. Los a\u00f1os de escolaridad promedio alcanzan los 5,5 a\u00f1os en contraste con los 11,2 a\u00f1os de las personas sin discapacidad. Y s\u00f3lo el 8,1% de las personas con discapacidad tiene trabajo.<\/p>\n\n\n\n<p>Invitamos a conocer la publicaci\u00f3n que busca pasar en este \u00e1mbito del dicho al derecho, que no es otra cosa que la inclusi\u00f3n plena y real de quienes viven en pobreza y vulnerabilidad una discapacidad mental. As\u00ed lograremos que ellos no se culpen a s\u00ed mismos, como suele pasar y as\u00ed lo demuestran los testimonios del libro, y que en su entorno \u2013familia y comunidad\u2013 haya contenci\u00f3n amorosa e inclusi\u00f3n genuina, tal como hizo Kenzaburo con Hiraki.<\/p>\n\n\n\n<p><strong>Por Ximena Torres Cautivo, periodista y escritora<\/strong><\/p>\n","protected":false},"excerpt":{"rendered":"<p>Existen 155.786 personas con discapacidad mental (CASEN 2017); de las cuales el 43,7% son hombres y el 56,3%, mujeres. El 48,9% tiene 59 y m\u00e1s a\u00f1os, porque la poblaci\u00f3n vive m\u00e1s y la discapacidad mental tiene a aumentar progresivamente a mayor edad. El 35,4% de las personas con discapacidad mental no sabe leer ni escribir.<\/p>\n","protected":false},"author":1,"featured_media":11792,"comment_status":"closed","ping_status":"closed","sticky":false,"template":"","format":"standard","meta":{"footnotes":""},"categories":[7],"tags":[1787,337,1786,273,132,247,133,1788],"class_list":["post-11791","post","type-post","status-publish","format-standard","has-post-thumbnail","hentry","category-opinion","tag-discapacidad-mental","tag-informacion","tag-kenzaburo-oe","tag-noticias","tag-osorno","tag-region-de-los-lagos","tag-semanario-local","tag-ximena-torres-cautivo"],"_links":{"self":[{"href":"https:\/\/www.semanariolocal.cl\/index.php?rest_route=\/wp\/v2\/posts\/11791","targetHints":{"allow":["GET"]}}],"collection":[{"href":"https:\/\/www.semanariolocal.cl\/index.php?rest_route=\/wp\/v2\/posts"}],"about":[{"href":"https:\/\/www.semanariolocal.cl\/index.php?rest_route=\/wp\/v2\/types\/post"}],"author":[{"embeddable":true,"href":"https:\/\/www.semanariolocal.cl\/index.php?rest_route=\/wp\/v2\/users\/1"}],"replies":[{"embeddable":true,"href":"https:\/\/www.semanariolocal.cl\/index.php?rest_route=%2Fwp%2Fv2%2Fcomments&post=11791"}],"version-history":[{"count":2,"href":"https:\/\/www.semanariolocal.cl\/index.php?rest_route=\/wp\/v2\/posts\/11791\/revisions"}],"predecessor-version":[{"id":11796,"href":"https:\/\/www.semanariolocal.cl\/index.php?rest_route=\/wp\/v2\/posts\/11791\/revisions\/11796"}],"wp:featuredmedia":[{"embeddable":true,"href":"https:\/\/www.semanariolocal.cl\/index.php?rest_route=\/wp\/v2\/media\/11792"}],"wp:attachment":[{"href":"https:\/\/www.semanariolocal.cl\/index.php?rest_route=%2Fwp%2Fv2%2Fmedia&parent=11791"}],"wp:term":[{"taxonomy":"category","embeddable":true,"href":"https:\/\/www.semanariolocal.cl\/index.php?rest_route=%2Fwp%2Fv2%2Fcategories&post=11791"},{"taxonomy":"post_tag","embeddable":true,"href":"https:\/\/www.semanariolocal.cl\/index.php?rest_route=%2Fwp%2Fv2%2Ftags&post=11791"}],"curies":[{"name":"wp","href":"https:\/\/api.w.org\/{rel}","templated":true}]}}