{"id":11784,"date":"2023-04-17T22:23:38","date_gmt":"2023-04-18T02:23:38","guid":{"rendered":"https:\/\/www.semanariolocal.cl\/?p=11784"},"modified":"2023-04-17T22:23:39","modified_gmt":"2023-04-18T02:23:39","slug":"consejera-indigena-herta-lican-valoro-trueque-de-libros-en-feria-de-rahue-alto","status":"publish","type":"post","link":"https:\/\/www.semanariolocal.cl\/?p=11784","title":{"rendered":"Consejera Ind\u00edgena Herta Lican valor\u00f3 \u00abtrueque\u00bb de libros en Feria de Rahue Alto"},"content":{"rendered":"\n<p>Una diversidad de acciones, principalmente ligadas a las actividades culturales y ancestrales, se est\u00e1n desarrollando en las instalaciones de la feria libre de Rahue, en la comuna de Osorno, lo que est\u00e1 permitiendo la recuperaci\u00f3n de importantes espacios p\u00fablicos donde se re\u00fanen los campesinos, comunidades ind\u00edgenas y los habitantes de la ciudad.<\/p>\n\n\n\n<p>As\u00ed lo se\u00f1al\u00f3 la Consejera Nacional Ind\u00edgena y Concejal por la Comuna de Osorno, Herta Ximena Lican, al valorar el Trueque e intercambio de libros que se llev\u00f3 a cabo el reciente fin de semana con gran \u00e9xito y con la activa participaci\u00f3n de ciento de personas de comunas como San Pablo, San Juan de la Costa,&nbsp; R\u00edo Negro y Osorno fundamentalmente.<\/p>\n\n\n\n<p>El evento fue organizado por la biblioteca municipal de Rahue Alto y todos los profesionales que forman parte de esa importante unidad que activamente est\u00e1 desarrollando eventos.<\/p>\n\n\n\n<p>\u201cSon estos encuentros los que nos permiten recuperar espacios tan importantes donde desde un tiempo a la fecha encontramos los m\u00e1s variados alimentos, artesan\u00eda, plantas medicinales, productos del mar, sino que ahora adem\u00e1s la cultura y la m\u00fasica con acciones que est\u00e1 llevando a cabo el municipio con organizaciones NO gubernamentales\u201d, se\u00f1al\u00f3 al autoridad, Herta Ximena Lican.<\/p>\n\n\n\n<p>Agreg\u00f3 que seguir\u00e1n promoviendo eventos de similares caracter\u00edsticas para hacer de la Feria Libre de Rahue como un encuentro donde no s\u00f3lo se podr\u00e1n adquirir alimentos, sino que ahora tambi\u00e9n la cultura en sus m\u00e1s diversas manifestaciones, se\u00f1al\u00f3 Herta Ximena Lican.<\/p>\n\n\n\n<p>Finalmente la Consejera Ind\u00edgena y Concejal de Osorno, espera que eventos de la misma naturaleza se puedan realizar en otros centros de comercializaci\u00f3n t\u00edpicos de la ciudad, no s\u00f3lo de la ciudad, sino que tambi\u00e9n de otras comunas del territorio.&nbsp;<\/p>\n","protected":false},"excerpt":{"rendered":"<p>El evento fue organizado por la biblioteca municipal de Rahue Alto y todos los profesionales que forman parte de esa importante unidad que activamente est\u00e1 desarrollando eventos.<\/p>\n","protected":false},"author":1,"featured_media":11785,"comment_status":"closed","ping_status":"closed","sticky":false,"template":"","format":"standard","meta":{"footnotes":""},"categories":[3,10],"tags":[337,273,132,247,133],"class_list":["post-11784","post","type-post","status-publish","format-standard","has-post-thumbnail","hentry","category-al-dia","category-cultura","tag-informacion","tag-noticias","tag-osorno","tag-region-de-los-lagos","tag-semanario-local"],"_links":{"self":[{"href":"https:\/\/www.semanariolocal.cl\/index.php?rest_route=\/wp\/v2\/posts\/11784","targetHints":{"allow":["GET"]}}],"collection":[{"href":"https:\/\/www.semanariolocal.cl\/index.php?rest_route=\/wp\/v2\/posts"}],"about":[{"href":"https:\/\/www.semanariolocal.cl\/index.php?rest_route=\/wp\/v2\/types\/post"}],"author":[{"embeddable":true,"href":"https:\/\/www.semanariolocal.cl\/index.php?rest_route=\/wp\/v2\/users\/1"}],"replies":[{"embeddable":true,"href":"https:\/\/www.semanariolocal.cl\/index.php?rest_route=%2Fwp%2Fv2%2Fcomments&post=11784"}],"version-history":[{"count":1,"href":"https:\/\/www.semanariolocal.cl\/index.php?rest_route=\/wp\/v2\/posts\/11784\/revisions"}],"predecessor-version":[{"id":11786,"href":"https:\/\/www.semanariolocal.cl\/index.php?rest_route=\/wp\/v2\/posts\/11784\/revisions\/11786"}],"wp:featuredmedia":[{"embeddable":true,"href":"https:\/\/www.semanariolocal.cl\/index.php?rest_route=\/wp\/v2\/media\/11785"}],"wp:attachment":[{"href":"https:\/\/www.semanariolocal.cl\/index.php?rest_route=%2Fwp%2Fv2%2Fmedia&parent=11784"}],"wp:term":[{"taxonomy":"category","embeddable":true,"href":"https:\/\/www.semanariolocal.cl\/index.php?rest_route=%2Fwp%2Fv2%2Fcategories&post=11784"},{"taxonomy":"post_tag","embeddable":true,"href":"https:\/\/www.semanariolocal.cl\/index.php?rest_route=%2Fwp%2Fv2%2Ftags&post=11784"}],"curies":[{"name":"wp","href":"https:\/\/api.w.org\/{rel}","templated":true}]}}