{"id":11781,"date":"2023-04-17T09:55:00","date_gmt":"2023-04-17T13:55:00","guid":{"rendered":"https:\/\/www.semanariolocal.cl\/?p=11781"},"modified":"2023-04-17T22:01:46","modified_gmt":"2023-04-18T02:01:46","slug":"ministerio-de-las-culturas-analizara-propuestas-para-el-bicentenario-de-chiloe","status":"publish","type":"post","link":"https:\/\/www.semanariolocal.cl\/?p=11781","title":{"rendered":"Ministerio de las Culturas analizar\u00e1 propuestas para el bicentenario de Chilo\u00e9."},"content":{"rendered":"\n<p>Fue en 1826 cuando se concret\u00f3 la anexi\u00f3n de Chilo\u00e9 al territorio nacional lo que es observado de cerca por historiadores, acad\u00e9micos y la comunidad en general, por la importancia del hito pr\u00f3ximo a cumplir 200 a\u00f1os desde su concreci\u00f3n.<\/p>\n\n\n\n<p>En el Consejo Regional, el CORE por Chilo\u00e9 Nelson \u00c1guila, ha sido un impulsor de la necesidad de ir paulatinamente organizando un equipo humano que se encargue de relevar la importancia de la conmemoraci\u00f3n que liderar\u00e1 el Gobierno Regional.<\/p>\n\n\n\n<p>La m\u00e1xima autoridad en la zona, Patricio Vallespin, detall\u00f3 que la primera reuni\u00f3n de trabajo con el Ministro de las Culturas, la Artes y el Patrimonio, Jaime de Aguirre, fue breve pero productiva, agregando que <em>\u201chemos concordado que tiene sentido tener un bicentenario para Chilo\u00e9. No sabe todav\u00eda c\u00f3mo podemos abordarlo, pero mostr\u00f3 su disposici\u00f3n para participar de esta tem\u00e1tica que puede ser muy importante \u2013 dijo \u2013 y que tenemos que trabajar en qu\u00e9 se puede expresar\u201d.<\/em><\/p>\n\n\n\n<p>Lo importante es que las iniciativas que se planteen en las siguientes reuniones de trabajo sean adquiridas por la cartera sum\u00e1ndose tambi\u00e9n el ministerio que pretende que en 2026 se generen iniciativas con sentido, pertinencia y trascendencia para el territorio insular.<\/p>\n\n\n\n<p>Es necesario mencionar tambi\u00e9n que esta semana, el Consejo Regional en pleno llega hasta Chonchi, donde se realizar\u00e1 una nueva sesi\u00f3n en la que se debatir\u00e1 la aprobaci\u00f3n y ejecuci\u00f3n de nuevas iniciativas para la zona.<\/p>\n","protected":false},"excerpt":{"rendered":"<p>La m\u00e1xima autoridad en la zona, Patricio Vallespin, detall\u00f3 que la primera reuni\u00f3n de trabajo con el Ministro de las Culturas, la Artes y el Patrimonio, Jaime de Aguirre, fue breve pero productiva<\/p>\n","protected":false},"author":1,"featured_media":11782,"comment_status":"closed","ping_status":"closed","sticky":false,"template":"","format":"standard","meta":{"footnotes":""},"categories":[3,6],"tags":[441,337,273,132,113,247,133],"class_list":["post-11781","post","type-post","status-publish","format-standard","has-post-thumbnail","hentry","category-al-dia","category-politica","tag-chiloe","tag-informacion","tag-noticias","tag-osorno","tag-puerto-montt","tag-region-de-los-lagos","tag-semanario-local"],"_links":{"self":[{"href":"https:\/\/www.semanariolocal.cl\/index.php?rest_route=\/wp\/v2\/posts\/11781","targetHints":{"allow":["GET"]}}],"collection":[{"href":"https:\/\/www.semanariolocal.cl\/index.php?rest_route=\/wp\/v2\/posts"}],"about":[{"href":"https:\/\/www.semanariolocal.cl\/index.php?rest_route=\/wp\/v2\/types\/post"}],"author":[{"embeddable":true,"href":"https:\/\/www.semanariolocal.cl\/index.php?rest_route=\/wp\/v2\/users\/1"}],"replies":[{"embeddable":true,"href":"https:\/\/www.semanariolocal.cl\/index.php?rest_route=%2Fwp%2Fv2%2Fcomments&post=11781"}],"version-history":[{"count":1,"href":"https:\/\/www.semanariolocal.cl\/index.php?rest_route=\/wp\/v2\/posts\/11781\/revisions"}],"predecessor-version":[{"id":11783,"href":"https:\/\/www.semanariolocal.cl\/index.php?rest_route=\/wp\/v2\/posts\/11781\/revisions\/11783"}],"wp:featuredmedia":[{"embeddable":true,"href":"https:\/\/www.semanariolocal.cl\/index.php?rest_route=\/wp\/v2\/media\/11782"}],"wp:attachment":[{"href":"https:\/\/www.semanariolocal.cl\/index.php?rest_route=%2Fwp%2Fv2%2Fmedia&parent=11781"}],"wp:term":[{"taxonomy":"category","embeddable":true,"href":"https:\/\/www.semanariolocal.cl\/index.php?rest_route=%2Fwp%2Fv2%2Fcategories&post=11781"},{"taxonomy":"post_tag","embeddable":true,"href":"https:\/\/www.semanariolocal.cl\/index.php?rest_route=%2Fwp%2Fv2%2Ftags&post=11781"}],"curies":[{"name":"wp","href":"https:\/\/api.w.org\/{rel}","templated":true}]}}