{"id":11775,"date":"2023-04-17T08:34:00","date_gmt":"2023-04-17T12:34:00","guid":{"rendered":"https:\/\/www.semanariolocal.cl\/?p=11775"},"modified":"2023-04-17T21:38:15","modified_gmt":"2023-04-18T01:38:15","slug":"invitan-a-mitilicultores-a-participar-de-talleres-sobre-fondos-concursables","status":"publish","type":"post","link":"https:\/\/www.semanariolocal.cl\/?p=11775","title":{"rendered":"Invitan a Mitilicultores a participar de talleres sobre fondos concursables"},"content":{"rendered":"\n<p>Orientar a los mitilicultores de la Regi\u00f3n de Los Lagos sobre las convocatorias abiertas de fondos p\u00fablicos 2023 est\u00e1 efectuando el Programa Estrat\u00e9gico Regional (PER) \u201cMejill\u00f3n de Chile\u201d de Corfo, junto a Sence y Sercotec.<\/p>\n\n\n\n<p>\u201cLa iniciativa fue parte de los compromisos que se acordaron en la primera sesi\u00f3n de la Mesa de Fomento del Sector Mitilicultor que lleva adelante el programa estrat\u00e9gico. Y contamos con la gran disposici\u00f3n de los servicios p\u00fablicos para orientar a los mitilicultores sobre la informaci\u00f3n de estas convocatorias que son abiertas para todo p\u00fablico\u201d, coment\u00f3 el gerente del PER Mejill\u00f3n de Chile Javier Aros.<\/p>\n\n\n\n<p>Explic\u00f3 Aros que \u201csabemos que es siempre complejo para nuestro sector participar en actividades presenciales, por la diversidad de nuestro territorio, ya que los mitilicultores est\u00e1n presentes en comunas distantes como Hualaihu\u00e9, Calbuco o Castro, por lo cual una alternativa son las plataformas virtuales\u201d.<\/p>\n\n\n\n<p>La primera actividad se inicia&nbsp;<strong>hoy lunes 17 de abril, a las 15.30 horas,&nbsp;<\/strong>a cargo del&nbsp;<strong>SENCE Los Lagos&nbsp;<\/strong>sobre los&nbsp;<strong>Fondos Concursables del programa Becas Laborales,&nbsp;<\/strong>por medio de la plataforma Teams donde abordar\u00e1 los procedimientos de postulaci\u00f3n de las Entidades Requirentes a los Fondos Concursables 2023.<\/p>\n\n\n\n<p>En tanto,&nbsp;<strong>el martes 18 de abril<\/strong>,&nbsp;<strong>a las 11.00 horas,&nbsp;<\/strong>se efectuar\u00e1 la segunda capacitaci\u00f3n a cargo de&nbsp;<strong>Sercotec Los Lagos&nbsp;<\/strong>donde explicar\u00e1 la&nbsp;convocatoria del&nbsp;<strong>Fondo de Fortalecimiento Gremial<\/strong>. Este fondo concursable que apoya con hasta $10 millones a organizaciones representativas de micro y peque\u00f1as empresas est\u00e1 destinado para que puedan fortalecer su asociatividad, mejorar su capacidad de gesti\u00f3n y generar nuevos y mejores productos o servicios para sus asociados.<\/p>\n\n\n\n<p>La invitaci\u00f3n es abierta para todo el sector mitilicultor por lo que los interesados, que no hayan recibido por correo la informaci\u00f3n y el link, pueden solicitarlo al correo<a href=\"mailto:comunicaciones@mejillondechile.cl\" target=\"_blank\" rel=\"noreferrer noopener\">comunicaciones@mejillondechile.cl<\/a><\/p>\n","protected":false},"excerpt":{"rendered":"<p>El Programa Estrat\u00e9gico Regional del Mejill\u00f3n de Chile junto a Sence y Sercotec est\u00e1 efectuando las capacitaciones para difundir en el sector mitilicultor las convocatorias de fondos abiertos a todo p\u00fablico.<\/p>\n","protected":false},"author":1,"featured_media":11776,"comment_status":"closed","ping_status":"closed","sticky":false,"template":"","format":"standard","meta":{"footnotes":""},"categories":[3],"tags":[337,1784,273,132,113,247,133],"class_list":["post-11775","post","type-post","status-publish","format-standard","has-post-thumbnail","hentry","category-al-dia","tag-informacion","tag-mejillon","tag-noticias","tag-osorno","tag-puerto-montt","tag-region-de-los-lagos","tag-semanario-local"],"_links":{"self":[{"href":"https:\/\/www.semanariolocal.cl\/index.php?rest_route=\/wp\/v2\/posts\/11775","targetHints":{"allow":["GET"]}}],"collection":[{"href":"https:\/\/www.semanariolocal.cl\/index.php?rest_route=\/wp\/v2\/posts"}],"about":[{"href":"https:\/\/www.semanariolocal.cl\/index.php?rest_route=\/wp\/v2\/types\/post"}],"author":[{"embeddable":true,"href":"https:\/\/www.semanariolocal.cl\/index.php?rest_route=\/wp\/v2\/users\/1"}],"replies":[{"embeddable":true,"href":"https:\/\/www.semanariolocal.cl\/index.php?rest_route=%2Fwp%2Fv2%2Fcomments&post=11775"}],"version-history":[{"count":1,"href":"https:\/\/www.semanariolocal.cl\/index.php?rest_route=\/wp\/v2\/posts\/11775\/revisions"}],"predecessor-version":[{"id":11777,"href":"https:\/\/www.semanariolocal.cl\/index.php?rest_route=\/wp\/v2\/posts\/11775\/revisions\/11777"}],"wp:featuredmedia":[{"embeddable":true,"href":"https:\/\/www.semanariolocal.cl\/index.php?rest_route=\/wp\/v2\/media\/11776"}],"wp:attachment":[{"href":"https:\/\/www.semanariolocal.cl\/index.php?rest_route=%2Fwp%2Fv2%2Fmedia&parent=11775"}],"wp:term":[{"taxonomy":"category","embeddable":true,"href":"https:\/\/www.semanariolocal.cl\/index.php?rest_route=%2Fwp%2Fv2%2Fcategories&post=11775"},{"taxonomy":"post_tag","embeddable":true,"href":"https:\/\/www.semanariolocal.cl\/index.php?rest_route=%2Fwp%2Fv2%2Ftags&post=11775"}],"curies":[{"name":"wp","href":"https:\/\/api.w.org\/{rel}","templated":true}]}}