{"id":11769,"date":"2023-04-17T09:09:00","date_gmt":"2023-04-17T13:09:00","guid":{"rendered":"https:\/\/www.semanariolocal.cl\/?p=11769"},"modified":"2023-04-17T21:15:04","modified_gmt":"2023-04-18T01:15:04","slug":"buscan-promover-alimentacion-saludable-en-base-agricultura-familiar-campesina","status":"publish","type":"post","link":"https:\/\/www.semanariolocal.cl\/?p=11769","title":{"rendered":"Buscan promover alimentaci\u00f3n saludable en base agricultura familiar campesina"},"content":{"rendered":"\n<p>La Comisi\u00f3n de Agricultura, Silvicultura y Desarrollo Rural de la C\u00e1mara de Diputados, sigui\u00f3 avanzando, mediante un meticuloso an\u00e1lisis, en el proyecto de ley presentado por la Diputada por la D\u00e9cima Regi\u00f3n, Emilia Nuyado, el proyecto de ley que promueve a peque\u00f1os y medianos agricultores, apicultores, cooperativas agr\u00edcolas y pescadores artesanales, en la adquisici\u00f3n de bienes y servicios de alimentaci\u00f3n en compras p\u00fablicas.<\/p>\n\n\n\n<p>En sus argumentos la parlamentaria sostuvo que \u201cLa agricultura hist\u00f3ricamente ha sido parte importante del sustento y desarrollo econ\u00f3mico del pa\u00eds, en especial, de la poblaci\u00f3n residente en las zonas rurales de las distintas regiones y nuestra legislaci\u00f3n no cuenta con los suficientes incentivos para promover la participaci\u00f3n de peque\u00f1os y medianos agricultores de la adquisici\u00f3n de productos alimenticios.<\/p>\n\n\n\n<p>Para la Diputada, Emilia Nuyado, uno de los ejes m\u00e1s importantes es la adquisici\u00f3n de los insumos para el servicio de alimentaci\u00f3n que entrega a m\u00e1s de un mill\u00f3n 800 mil ni\u00f1os y j\u00f3venes mediante la Junaeb, de esta forma distribuyendo en jardines infantiles, escuelas, liceos y similares, alimentaci\u00f3n sana y calidad.<\/p>\n\n\n\n<p>Por esta raz\u00f3n, la idea de los parlamentarios, encabezados por la Diputada, Emilia Nuyado es modificar las bases sobre contrato administrativos de suministros y prestaci\u00f3n de servicios, en la norma que regula el contenido de las bases, con la finalidad de establecer en las respectivas licitaciones prioridad a quienes oferten productos que acrediten ser adquiridos a peque\u00f1os y medianos agricultores, apicultores, pescadores artesanales &nbsp;&nbsp;y cooperativas agr\u00edcolas de la comuna provincia o regi\u00f3n, en la que sea ejecutado.<\/p>\n","protected":false},"excerpt":{"rendered":"<p>La idea es colaborar a la agricultura familiar campesina y proporcionar productos sanos y de calidad especialmente en servicios como la Junaeb.<\/p>\n","protected":false},"author":1,"featured_media":11770,"comment_status":"closed","ping_status":"closed","sticky":false,"template":"","format":"standard","meta":{"footnotes":""},"categories":[3],"tags":[337,273,132,247,133],"class_list":["post-11769","post","type-post","status-publish","format-standard","has-post-thumbnail","hentry","category-al-dia","tag-informacion","tag-noticias","tag-osorno","tag-region-de-los-lagos","tag-semanario-local"],"_links":{"self":[{"href":"https:\/\/www.semanariolocal.cl\/index.php?rest_route=\/wp\/v2\/posts\/11769","targetHints":{"allow":["GET"]}}],"collection":[{"href":"https:\/\/www.semanariolocal.cl\/index.php?rest_route=\/wp\/v2\/posts"}],"about":[{"href":"https:\/\/www.semanariolocal.cl\/index.php?rest_route=\/wp\/v2\/types\/post"}],"author":[{"embeddable":true,"href":"https:\/\/www.semanariolocal.cl\/index.php?rest_route=\/wp\/v2\/users\/1"}],"replies":[{"embeddable":true,"href":"https:\/\/www.semanariolocal.cl\/index.php?rest_route=%2Fwp%2Fv2%2Fcomments&post=11769"}],"version-history":[{"count":1,"href":"https:\/\/www.semanariolocal.cl\/index.php?rest_route=\/wp\/v2\/posts\/11769\/revisions"}],"predecessor-version":[{"id":11771,"href":"https:\/\/www.semanariolocal.cl\/index.php?rest_route=\/wp\/v2\/posts\/11769\/revisions\/11771"}],"wp:featuredmedia":[{"embeddable":true,"href":"https:\/\/www.semanariolocal.cl\/index.php?rest_route=\/wp\/v2\/media\/11770"}],"wp:attachment":[{"href":"https:\/\/www.semanariolocal.cl\/index.php?rest_route=%2Fwp%2Fv2%2Fmedia&parent=11769"}],"wp:term":[{"taxonomy":"category","embeddable":true,"href":"https:\/\/www.semanariolocal.cl\/index.php?rest_route=%2Fwp%2Fv2%2Fcategories&post=11769"},{"taxonomy":"post_tag","embeddable":true,"href":"https:\/\/www.semanariolocal.cl\/index.php?rest_route=%2Fwp%2Fv2%2Ftags&post=11769"}],"curies":[{"name":"wp","href":"https:\/\/api.w.org\/{rel}","templated":true}]}}