{"id":11766,"date":"2023-04-16T21:50:29","date_gmt":"2023-04-17T01:50:29","guid":{"rendered":"https:\/\/www.semanariolocal.cl\/?p=11766"},"modified":"2023-04-16T21:50:30","modified_gmt":"2023-04-17T01:50:30","slug":"udi-da-inicio-a-la-carrera-municipal-por-osorno","status":"publish","type":"post","link":"https:\/\/www.semanariolocal.cl\/?p=11766","title":{"rendered":"Udi da inicio a la carrera municipal por Osorno."},"content":{"rendered":"\n<p>A trav\u00e9s de un comunicado de prensa elaborado desde la Udi Comunal de Osorno se inform\u00f3 la realizaci\u00f3n de una &nbsp;nueva Asamblea de militantes efectuados el viernes 14 de abril del a\u00f1o en Curso. Seg\u00fan la Misiva firmada por su presidente comunal Alfredo Sep\u00falveda la instancia buscaba analizar diversas tem\u00e1ticas de inter\u00e9s interno y de la realidad contingente.<\/p>\n\n\n\n<p>En la ocasi\u00f3n estuvo presente el Candidato&nbsp; a Consejero Constitucional Carlos Recondo quien entrego su visi\u00f3n respecto al proceso constituyente \u201c agradeciendo el apoyo de la directiva y la militancia local para \u00e9ste 7 de Mayo pr\u00f3ximo\u201d, indica la misiva.<\/p>\n\n\n\n<p>\u201cDentro de los diversos puntos tratados en esta instancia se inici\u00f3 al proceso de b\u00fasqueda de candidatos para a las pr\u00f3ximas elecciones municipales, momento en el cual\u00a0 integrantes de esta asamblea\u00a0 se\u00f1alaron de forma espont\u00e1nea al <strong>Ex diputado Javier Hern\u00e1ndez<\/strong>\u00a0 como una buena carta a candidato a Alcalde para la pr\u00f3ximas elecciones municipales en la comuna de Osorno\u201d.<\/p>\n\n\n\n<p>\u201cEsto es parte de un proceso interno de b\u00fasqueda de candidatos que busca promover la participaci\u00f3n de nuestra militancia con foco en escoger a las cartas m\u00e1s competitivas para nuestra pr\u00f3ximas elecciones municipales tanto en concejales como a nivel alcaldicio. Javier Hern\u00e1ndez en un osornino de trayectoria y trabajo reconocido por la zona y ser\u00eda una excelente carta para encabezar el municipio osornino. El proceso esta abierto y en espera de gente de Osorno interesada en ser part\u00edcipe de este proceso\u201d. Indic\u00f3 &nbsp;Alfredo Sep\u00falveda, presidente comunal de la Udi de Osorno. &nbsp;Por su parte en la misma reuni\u00f3n el exdiputado Hern\u00e1ndez entreg\u00f3 su total apoyo a la Candidatura de Carlos Recondo.<\/p>\n\n\n\n<p>Al t\u00e9rmino de la reuni\u00f3n, la directiva UDI Osorno manifiesto su alegr\u00eda por \u201cvolver a reencontrarnos presencialmente, retomando con optimismo sus actividades partidarias apoyando a nuestra comunidad local\u201d, finaliza el documento recepcionado.<\/p>\n","protected":false},"excerpt":{"rendered":"<p>A trav\u00e9s de un comunicado de prensa elaborado desde la Udi Comunal de Osorno se inform\u00f3 la realizaci\u00f3n de una &nbsp;nueva Asamblea de militantes efectuados el viernes 14 de abril del a\u00f1o en Curso. Seg\u00fan la Misiva firmada por su presidente comunal Alfredo Sep\u00falveda la instancia buscaba analizar diversas tem\u00e1ticas de inter\u00e9s interno y de&#8230;<a class=\"btnReadMore\" href=\"https:\/\/www.semanariolocal.cl\/?p=11766\"> Leer M\u00e1s<\/a><\/p>\n","protected":false},"author":1,"featured_media":11767,"comment_status":"closed","ping_status":"closed","sticky":false,"template":"","format":"standard","meta":{"footnotes":""},"categories":[3,6],"tags":[337,1782,273,132,247,133,52],"class_list":["post-11766","post","type-post","status-publish","format-standard","has-post-thumbnail","hentry","category-al-dia","category-politica","tag-informacion","tag-javier-hernandez","tag-noticias","tag-osorno","tag-region-de-los-lagos","tag-semanario-local","tag-udi"],"_links":{"self":[{"href":"https:\/\/www.semanariolocal.cl\/index.php?rest_route=\/wp\/v2\/posts\/11766","targetHints":{"allow":["GET"]}}],"collection":[{"href":"https:\/\/www.semanariolocal.cl\/index.php?rest_route=\/wp\/v2\/posts"}],"about":[{"href":"https:\/\/www.semanariolocal.cl\/index.php?rest_route=\/wp\/v2\/types\/post"}],"author":[{"embeddable":true,"href":"https:\/\/www.semanariolocal.cl\/index.php?rest_route=\/wp\/v2\/users\/1"}],"replies":[{"embeddable":true,"href":"https:\/\/www.semanariolocal.cl\/index.php?rest_route=%2Fwp%2Fv2%2Fcomments&post=11766"}],"version-history":[{"count":1,"href":"https:\/\/www.semanariolocal.cl\/index.php?rest_route=\/wp\/v2\/posts\/11766\/revisions"}],"predecessor-version":[{"id":11768,"href":"https:\/\/www.semanariolocal.cl\/index.php?rest_route=\/wp\/v2\/posts\/11766\/revisions\/11768"}],"wp:featuredmedia":[{"embeddable":true,"href":"https:\/\/www.semanariolocal.cl\/index.php?rest_route=\/wp\/v2\/media\/11767"}],"wp:attachment":[{"href":"https:\/\/www.semanariolocal.cl\/index.php?rest_route=%2Fwp%2Fv2%2Fmedia&parent=11766"}],"wp:term":[{"taxonomy":"category","embeddable":true,"href":"https:\/\/www.semanariolocal.cl\/index.php?rest_route=%2Fwp%2Fv2%2Fcategories&post=11766"},{"taxonomy":"post_tag","embeddable":true,"href":"https:\/\/www.semanariolocal.cl\/index.php?rest_route=%2Fwp%2Fv2%2Ftags&post=11766"}],"curies":[{"name":"wp","href":"https:\/\/api.w.org\/{rel}","templated":true}]}}