{"id":11727,"date":"2023-04-16T20:05:00","date_gmt":"2023-04-17T00:05:00","guid":{"rendered":"https:\/\/www.semanariolocal.cl\/?p=11727"},"modified":"2023-04-15T19:31:59","modified_gmt":"2023-04-15T23:31:59","slug":"ejercicio-en-la-gestacion-150-minutos-de-actividad-fisica-a-la-semana-hacen-la-diferencia","status":"publish","type":"post","link":"https:\/\/www.semanariolocal.cl\/?p=11727","title":{"rendered":"Ejercicio en la gestaci\u00f3n: 150 minutos de actividad f\u00edsica a la semana hacen la diferencia"},"content":{"rendered":"\n<p>Si bien no hay reportes sobre cu\u00e1nto ni c\u00f3mo se ejercitan las mujeres gestantes en Chile, de acuerdo a la&nbsp;<a href=\"https:\/\/biblioteca.digital.gob.cl\/handle\/123456789\/3872\" target=\"_blank\" rel=\"noreferrer noopener\">Encuesta Nacional de H\u00e1bitos de Actividad F\u00edsica y Deporte 2021<\/a>, del Ministerio del Deporte,&nbsp;<strong><em>un 69% de las mujeres mayores de 18 a\u00f1os en nuestro pa\u00eds son inactivas<\/em><\/strong>. \u201cEsto significa que realizan actividad f\u00edsica en una frecuencia menor a 60 minutos, tres veces por semana. Y esta encuesta no consider\u00f3 a las mujeres gestantes\u201d, explica el investigador Postdoctoral del&nbsp;<a href=\"https:\/\/www.uoh.cl\/instituto-ciencias-de-la-salud\/\" target=\"_blank\" rel=\"noreferrer noopener\">Instituto de Ciencias de la Salud<\/a>&nbsp;de la&nbsp;<a href=\"http:\/\/www.uoh.cl\/\" target=\"_blank\" rel=\"noreferrer noopener\">Universidad de O\u2019Higgins<\/a>&nbsp;(UOH),&nbsp;<a href=\"https:\/\/www.uoh.cl\/investigacion\/academico\/alejandro-candia\/\" target=\"_blank\" rel=\"noreferrer noopener\">Alejandro Candia<\/a>.<\/p>\n\n\n\n<p>El PhD en Farmacolog\u00eda agrega que una investigaci\u00f3n evalu\u00f3 los niveles de actividad f\u00edsica de mujeres que asist\u00edan a control prenatal en un Centro de Salud Familiar de la comuna de La Pintana. \u201cEn dicha publicaci\u00f3n reportaron que solo un 20% de las mujeres alcanzan las recomendaciones de actividad f\u00edsica durante la gestaci\u00f3n propuestas por la Organizaci\u00f3n Mundial de la Salud (OMS). Lo que sumado al dato previo casi asegura que los niveles de actividad f\u00edsica en las gestantes a lo largo del pa\u00eds sean bastante bajos, con no m\u00e1s de un 30% de gestantes activas\u201d, explica.<\/p>\n\n\n\n<p>Este an\u00e1lisis se encuentra detallado en el art\u00edculo&nbsp;<a href=\"https:\/\/recyt.fecyt.es\/index.php\/retos\/article\/view\/96864\/72318\" target=\"_blank\" rel=\"noreferrer noopener\">\u201cActividad f\u00edsica, ejercicio y condici\u00f3n f\u00edsica durante la gestaci\u00f3n y la situaci\u00f3n actual de Chile: una revisi\u00f3n narrativa\u201d<\/a>, publicado por el Dr. Candia junto a los investigadores UOH:&nbsp;<a href=\"https:\/\/www.uoh.cl\/investigacion\/academico\/denisse-valladares-ide\/\" target=\"_blank\" rel=\"noreferrer noopener\">Denisse Valladares<\/a>,&nbsp;<a href=\"https:\/\/www.uoh.cl\/investigacion\/academico\/matias-monsalves\/\" target=\"_blank\" rel=\"noreferrer noopener\">Mat\u00edas Monsalves<\/a>,&nbsp;<a href=\"https:\/\/www.uoh.cl\/investigacion\/academico\/bernardo-krause-leyton\/\" target=\"_blank\" rel=\"noreferrer noopener\">Bernardo Krause<\/a>&nbsp;y&nbsp;<a href=\"https:\/\/www.uoh.cl\/investigacion\/academico\/sebastian-jannas\/\" target=\"_blank\" rel=\"noreferrer noopener\">Sebasti\u00e1n Jannas<\/a>.<\/p>\n\n\n\n<p>En el estudio, el investigador recomienda que las&nbsp;<strong><em>mujeres gestantes, que cursen un embarazo sin complicaciones, realicen al menos 150 minutos de actividad f\u00edsica moderada a lo largo de la semana<\/em><\/strong>. \u201cTanto la actividad f\u00edsica y el ejercicio durante la gestaci\u00f3n se asocian con&nbsp;<strong><em>efectos positivos para la madre y el feto<\/em><\/strong>. Algunos de los beneficios maternos incluyen una menor ganancia de peso corporal, menor riesgo de parto por ces\u00e1rea y una disminuci\u00f3n del riesgo de desarrollar s\u00edndromes hipertensivos y diabetes gestacional. Por otro lado, la descendencia de estas mujeres tiene un menor riesgo de alteraciones del peso y morbilidad respiratoria al nacer, as\u00ed como un mejor desempe\u00f1o cognitivo dentro de los primeros a\u00f1os de vida\u201d, asegura Candia.<\/p>\n\n\n\n<p>De acuerdo al investigador UOH, aquellas mujeres que desarrollen s\u00edndromes hipertensivos o diabetes en la gestaci\u00f3n tienen mayor probabilidad de desarrollar hipertensi\u00f3n, diabetes y otros problemas cardiovasculares posteriores al embarazo. Y en el caso de sus hijos\/as, las alteraciones en el peso al nacer se asocian a un mayor riesgo de desarrollo de enfermedades y eventos cardiovasculares a temprana edad como, por ejemplo, muerte por enfermedad coronaria antes de los 65 a\u00f1os.<\/p>\n\n\n\n<p><strong>Soluciones<\/strong><\/p>\n\n\n\n<p>Candia explica que si bien existen agrupaciones y centros que promueven la actividad f\u00edsica en la gestaci\u00f3n, gran parte de ellos apuntan a una poblaci\u00f3n espec\u00edfica capaz de pagar el servicio. \u201cLa atenci\u00f3n prenatal a nivel de salud p\u00fablica debiera apostar a una mejora en la promoci\u00f3n de estilos de vida saludable en esta etapa\u201d, puntualiza.<\/p>\n\n\n\n<p>Y se\u00f1ala 3 puntos claves para resolver la situaci\u00f3n. \u201cPrimero, es fundamental levantar informaci\u00f3n respecto a las motivaciones y eventuales barreras que podr\u00edan presentar las mujeres gestantes para realizar actividad f\u00edsica. Por otro lado, la informaci\u00f3n obtenida en esos estudios cualitativos se debe tomar en cuenta al momento de elaborar estudios cuantitativos que permitan medir los niveles de actividad f\u00edsica en gestantes. Finalmente, es fundamental que la informaci\u00f3n obtenida sea compartida tanto con gestantes como con profesionales de la salud participantes del control prenatal\u201d, indica el investigador.<\/p>\n\n\n\n<p>El Dr. Candia se\u00f1ala que resolver esos puntos permitir\u00e1 contar con informaci\u00f3n de car\u00e1cter nacional que pueda utilizarse para generar gu\u00edas cl\u00ednicas y programas que mejoren los niveles de actividad f\u00edsica en la gestaci\u00f3n. \u201cY que tanto las gestantes chilenas como su descendencia disfruten de los beneficios de una vida m\u00e1s activa\u201d, finaliz\u00f3.<\/p>\n","protected":false},"excerpt":{"rendered":"<p>Seg\u00fan explica el investigador UOH Alejandro Candia la actividad f\u00edsica y el ejercicio en esta etapa se han asociado con efectos positivos tanto para la madre y el feto.<\/p>\n","protected":false},"author":1,"featured_media":11728,"comment_status":"closed","ping_status":"closed","sticky":false,"template":"","format":"standard","meta":{"footnotes":""},"categories":[3],"tags":[1778,337,273,247,133],"class_list":["post-11727","post","type-post","status-publish","format-standard","has-post-thumbnail","hentry","category-al-dia","tag-gestacion","tag-informacion","tag-noticias","tag-region-de-los-lagos","tag-semanario-local"],"_links":{"self":[{"href":"https:\/\/www.semanariolocal.cl\/index.php?rest_route=\/wp\/v2\/posts\/11727","targetHints":{"allow":["GET"]}}],"collection":[{"href":"https:\/\/www.semanariolocal.cl\/index.php?rest_route=\/wp\/v2\/posts"}],"about":[{"href":"https:\/\/www.semanariolocal.cl\/index.php?rest_route=\/wp\/v2\/types\/post"}],"author":[{"embeddable":true,"href":"https:\/\/www.semanariolocal.cl\/index.php?rest_route=\/wp\/v2\/users\/1"}],"replies":[{"embeddable":true,"href":"https:\/\/www.semanariolocal.cl\/index.php?rest_route=%2Fwp%2Fv2%2Fcomments&post=11727"}],"version-history":[{"count":1,"href":"https:\/\/www.semanariolocal.cl\/index.php?rest_route=\/wp\/v2\/posts\/11727\/revisions"}],"predecessor-version":[{"id":11729,"href":"https:\/\/www.semanariolocal.cl\/index.php?rest_route=\/wp\/v2\/posts\/11727\/revisions\/11729"}],"wp:featuredmedia":[{"embeddable":true,"href":"https:\/\/www.semanariolocal.cl\/index.php?rest_route=\/wp\/v2\/media\/11728"}],"wp:attachment":[{"href":"https:\/\/www.semanariolocal.cl\/index.php?rest_route=%2Fwp%2Fv2%2Fmedia&parent=11727"}],"wp:term":[{"taxonomy":"category","embeddable":true,"href":"https:\/\/www.semanariolocal.cl\/index.php?rest_route=%2Fwp%2Fv2%2Fcategories&post=11727"},{"taxonomy":"post_tag","embeddable":true,"href":"https:\/\/www.semanariolocal.cl\/index.php?rest_route=%2Fwp%2Fv2%2Ftags&post=11727"}],"curies":[{"name":"wp","href":"https:\/\/api.w.org\/{rel}","templated":true}]}}