{"id":11468,"date":"2023-04-01T10:10:00","date_gmt":"2023-04-01T13:10:00","guid":{"rendered":"https:\/\/www.semanariolocal.cl\/?p=11468"},"modified":"2023-03-31T18:06:12","modified_gmt":"2023-03-31T21:06:12","slug":"ordenan-al-servel-entregar-informacion-sobre-mayores-de-100-anos-habilitados-para-votar","status":"publish","type":"post","link":"https:\/\/www.semanariolocal.cl\/?p=11468","title":{"rendered":"Ordenan al Servel entregar informaci\u00f3n sobre mayores de 100 a\u00f1os habilitados para votar"},"content":{"rendered":"\n<p>El Consejo para la Transparencia determin\u00f3 que es p\u00fablica la informaci\u00f3n relativa a la edad espec\u00edfica de personas habilitadas para sufragar en el pasado plebiscito constitucional del 4 de septiembre de 2022 de m\u00e1s de 100 a\u00f1os, ordenando al Servicio Electoral (Servel) entregarlos al solicitante.<\/p>\n\n\n\n<p>El SERVEL aleg\u00f3 que informaci\u00f3n como el mes de nacimiento de los votantes no es un dato que est\u00e9 contenido en el padr\u00f3n, entregando informaci\u00f3n sobre los votantes habilitados para el plebiscito mayores de 90 a\u00f1os, respuesta que no dej\u00f3 satisfecho a quien pidi\u00f3 los antecedentes.<\/p>\n\n\n\n<p>Tras someterse a un procedimiento del CPLT denominado Sistema Anticipado de Resoluci\u00f3n de Controversias (SARC), que busca promover la entrega de la informaci\u00f3n en plazos abreviados, el reclamante manifest\u00f3 que los n\u00fameros entregados son globales y no se informa la edad espec\u00edfica de los votantes que requiri\u00f3.<\/p>\n\n\n\n<p>El titular del Consejo, Francisco Leturia, explic\u00f3 que \u201ces importante que tengamos un sistema electoral p\u00fablico y transparente, y tambi\u00e9n ser capaces de dar certeza de que contamos con un registro vigente. Ya se avanz\u00f3 en una reforma a la ley electoral en el 2021, eliminando, luego de ciertos procesos de verificaci\u00f3n, a personas mayores de 90 a\u00f1os que no contaban con su documento de identidad vigente en los \u00faltimos once a\u00f1os por diversas razones y que no hubiesen votado en las \u00faltimas elecciones. Es clave dar certeza jur\u00eddica a este registro, en particular despu\u00e9s de la pandemia, que ha dificultado la renovaci\u00f3n de documentos\u201d.<\/p>\n\n\n\n<p>El SERVEL, entre otras argumentaciones, se\u00f1al\u00f3 en el marco el amparo que \u201c(\u2026) la informaci\u00f3n requerida excede el contenido del Padr\u00f3n Electoral Definitivo nacional que el Servicio se encuentra obligado a elaborar, el que no contiene los datos relativos a la edad, el mes y a\u00f1o de nacimiento de los electores, yendo el requerimiento m\u00e1s all\u00e1 del contenido de los datos que se deben publicar respecto del Padr\u00f3n y de los cuales se encuentra legalmente habilitado por el art\u00edculo 34, inciso final, de la Ley 18.556, ya que la reclamante solicita sexo, a\u00f1o, mes de nacimiento y domicilio electoral de los electorales. No existe disposici\u00f3n legal o constitucional que establezca el deber del SERVEL de elaborar, construir y\/o publicar un documento con cada uno de los datos requeridos a la solicitud, ya sea con o sin los nombres de los electores\u201d.<\/p>\n\n\n\n<p>La reserva, sustentada en la negativa del Servicio de tener en su poder los antecedentes requeridos, fue desestimada por el CPLT, que estableci\u00f3 que la instituci\u00f3n no acredit\u00f3 que la elaboraci\u00f3n de los datos le genere un costo excesivo o no previsto, y \u201cno especific\u00f3 ni detall\u00f3 de qu\u00e9 manera la entrega de los antecedentes requeridos podr\u00eda generar la afectaci\u00f3n enunciada, o la forma en que se ver\u00eda perjudicado el privilegio deliberativo de la autoridad respectiva\u201d. El Servicio a\u00fan puede tomar acciones en este caso, presentando un recurso ante la Corte de Apelaciones.<\/p>\n","protected":false},"excerpt":{"rendered":"<p>Lo anterior, tras acoger un amparo presentado ante el CPLT por quien requiri\u00f3 antecedentes espec\u00edficos de personas centenarias registradas en el padr\u00f3n electoral como: g\u00e9nero, a\u00f1o y mes de nacimiento y comuna de residencia, entre otros (rol C8979-22).<\/p>\n","protected":false},"author":1,"featured_media":11469,"comment_status":"closed","ping_status":"closed","sticky":false,"template":"","format":"standard","meta":{"footnotes":""},"categories":[3,6],"tags":[1487,1268,1731,337,273,247,133,1729],"class_list":["post-11468","post","type-post","status-publish","format-standard","has-post-thumbnail","hentry","category-al-dia","category-politica","tag-consejo-para-la-transparencia","tag-cplt","tag-elecciones","tag-informacion","tag-noticias","tag-region-de-los-lagos","tag-semanario-local","tag-servel"],"_links":{"self":[{"href":"https:\/\/www.semanariolocal.cl\/index.php?rest_route=\/wp\/v2\/posts\/11468","targetHints":{"allow":["GET"]}}],"collection":[{"href":"https:\/\/www.semanariolocal.cl\/index.php?rest_route=\/wp\/v2\/posts"}],"about":[{"href":"https:\/\/www.semanariolocal.cl\/index.php?rest_route=\/wp\/v2\/types\/post"}],"author":[{"embeddable":true,"href":"https:\/\/www.semanariolocal.cl\/index.php?rest_route=\/wp\/v2\/users\/1"}],"replies":[{"embeddable":true,"href":"https:\/\/www.semanariolocal.cl\/index.php?rest_route=%2Fwp%2Fv2%2Fcomments&post=11468"}],"version-history":[{"count":1,"href":"https:\/\/www.semanariolocal.cl\/index.php?rest_route=\/wp\/v2\/posts\/11468\/revisions"}],"predecessor-version":[{"id":11470,"href":"https:\/\/www.semanariolocal.cl\/index.php?rest_route=\/wp\/v2\/posts\/11468\/revisions\/11470"}],"wp:featuredmedia":[{"embeddable":true,"href":"https:\/\/www.semanariolocal.cl\/index.php?rest_route=\/wp\/v2\/media\/11469"}],"wp:attachment":[{"href":"https:\/\/www.semanariolocal.cl\/index.php?rest_route=%2Fwp%2Fv2%2Fmedia&parent=11468"}],"wp:term":[{"taxonomy":"category","embeddable":true,"href":"https:\/\/www.semanariolocal.cl\/index.php?rest_route=%2Fwp%2Fv2%2Fcategories&post=11468"},{"taxonomy":"post_tag","embeddable":true,"href":"https:\/\/www.semanariolocal.cl\/index.php?rest_route=%2Fwp%2Fv2%2Ftags&post=11468"}],"curies":[{"name":"wp","href":"https:\/\/api.w.org\/{rel}","templated":true}]}}