{"id":11465,"date":"2023-04-01T10:00:00","date_gmt":"2023-04-01T13:00:00","guid":{"rendered":"https:\/\/www.semanariolocal.cl\/?p=11465"},"modified":"2023-03-31T18:00:06","modified_gmt":"2023-03-31T21:00:06","slug":"ulagos-sera-responsable-principal-de-14-nuevos-proyectos-de-investigacion","status":"publish","type":"post","link":"https:\/\/www.semanariolocal.cl\/?p=11465","title":{"rendered":"ULagos ser\u00e1 responsable principal de 14 nuevos proyectos de investigaci\u00f3n"},"content":{"rendered":"\n<p>Un importante desaf\u00edo en materia de investigaci\u00f3n es el que asumir\u00e1 pr\u00f3ximamente la Universidad de Los Lagos, tras la adjudicaci\u00f3n de 14 iniciativas de investigaci\u00f3n, obtenidas a trav\u00e9s de concurso de la Agencia Nacional de Investigaci\u00f3n y Desarrollo, ANID, donde se involucran diversas materias, las que ser\u00e1n abordadas de manera \u00edntegra por acad\u00e9micos e investigadores de Ulagos.<\/p>\n\n\n\n<p>Los proyectos se dividen en Inicial, Regular y Postdoctorado, con plazos de ejecuci\u00f3n que van desde los 24 hasta los 48 meses, comenzando todos ellos desde este a\u00f1o. Los estudios abarcan una serie de ramas del conocimiento, como lo es la pedagog\u00eda, econom\u00eda circular, sociolog\u00eda, antropolog\u00eda, ciencias del mar, entre otros.<\/p>\n\n\n\n<h2 class=\"wp-block-heading\"><strong>Proyectos destacados<\/strong><\/h2>\n\n\n\n<p>Dentro de los proyectos Fondecyt de Iniciaci\u00f3n, se encuentra \u201cCuando el hogar queda lejos: etnograf\u00edas transnacionales de la nostalgia en migrantes latinoamericanos residentes en la regi\u00f3n de Los Lagos (2010-2025)\u201d, a cargo del Dr. Juan M. Sald\u00edvar, el cual se ejecutar\u00e1 en principales \u00e1reas urbanas de la regi\u00f3n de Los Lagos.<\/p>\n\n\n\n<p>\u201cLa investigaci\u00f3n aportar\u00e1 conocimiento cient\u00edfico nuevo sobre la migraci\u00f3n transnacional de latinoamericanos en contextos subnacionales del sur de Chile. Los resultados de la investigaci\u00f3n podr\u00e1n ser tomados como una plataforma de conocimiento para la toma de decisiones y la construcci\u00f3n de pol\u00edticas p\u00fablicas en materia de migraci\u00f3n, sobre todo en los contextos del sur de Chile\u201d, explica el investigador&nbsp;del Departamento&nbsp;de Ciencias Sociales de Ulagos.<\/p>\n\n\n\n<p>Otro de los proyectos a ejecutar es \u201cSistema simult\u00e1neo de biopurificaci\u00f3n y biorrefiner\u00eda por cultivo de microalgas en aguas residuales de la industria salmonera chilena bajo el concepto de econom\u00eda circular\u201d, a cargo de Dra. Cynthia Urrutia, quien agrega que este estudio puede ser aplicado a diferentes regiones del pa\u00eds, enfocado en reutilizar aguas residuales que tengan las caracter\u00edsticas adecuadas para la generaci\u00f3n de biomasa microalgal con mayor porcentaje de l\u00edpidos.<\/p>\n\n\n\n<p>\u201cSe espera demostrar que las aguas residuales de la industria salmonera puedan ser utilizadas como medio de cultivo para el crecimiento de las microalgas. Por otro lado, se estudiar\u00e1n t\u00e9cnicas alternativas para mejorar los tiempos de cosecha de la biomasa microalgal, sistema que se integra a estrategias de econom\u00eda circular, donde evitamos la producci\u00f3n de residuos secundarios, reutilizamos aguas residuales y generamos un producto\u201d, comenta la investigadora adscrita al Departamento de Recursos Naturales y Medio Ambiente de Ulagos.<\/p>\n\n\n\n<p>Por otra parte, el investigador del Centro de Estudios del Desarrollo Regional y Pol\u00edticas P\u00fablicas de la Universidad de Los Lagos, Dr. Mauricio Hernandez estar\u00e1 a cargo del proyecto \u201cCoproducci\u00f3n de conocimiento e indicadores de resiliencia clim\u00e1tica en sistemas agr\u00edcolas\u201d, que tiene por objetivo coproducir conocimiento basado en el contexto, pluralista, orientado a objetivos e interactivo, adem\u00e1s de coproducir indicadores de evaluaci\u00f3n de resiliencia, de car\u00e1cter econ\u00f3mico, social y ecol\u00f3gico y la coproducci\u00f3n de trayectorias de desarrollo resiliente sostenibles, seguras y justas.<\/p>\n\n\n\n<p>\u201cLas perspectivas de un desarrollo resiliente al clima se ven incrementadas por procesos inclusivos e integrales, que involucran a la comunidad, instituciones, universidades y actores relevantes. Estos son part\u00edcipes de la investigaci\u00f3n. Este proyecto surge como respuesta a los complejos y entrelazados desaf\u00edos de sostenibilidad socio-ambiental, resultantes de la interacci\u00f3n y confluencia entre m\u00faltiples procesos ecol\u00f3gicos, econ\u00f3micos y sociales, que se refuerzan mutuamente a m\u00faltiples escalas\u201d, se\u00f1ala el Dr. Hernandez.<\/p>\n\n\n\n<p>Dentro de los proyectos de investigaci\u00f3n adjudicados en el Concurso ANID Fondecyt Regular, se encuentra la iniciativa \u201cNuevos desarrollos en el Modelado y An\u00e1lisis Num\u00e9rico de M\u00e9todos de Elementos Virtuales aplicados a Problemas Espectrales con geometr\u00eda general\u201d, a cargo del Dr. Gonzalo Rivera, del Departamento de Ciencias Exactas de Ulagos, el cual se enmarca en la L\u00ednea de An\u00e1lisis Num\u00e9rico y se centra en el modelamiento matem\u00e1tico de diferentes fen\u00f3menos f\u00edsicos que se pueden representar como la formulaci\u00f3n de un problema espectral (por ejemplo, el problema de vibraciones ac\u00fasticas, pandeo de placas, deformaci\u00f3n de un s\u00f3lido, entre otros).<\/p>\n\n\n\n<p>\u201cCon este proyecto se pretende realizar un aporte original, enriquecedor y aplicable, que ayude a la comprensi\u00f3n y potencial aplicaci\u00f3n de los M\u00e9todos de Elementos Virtuales, sobre todo en la modelaci\u00f3n de problemas acoplados, tales como: problemas de interacci\u00f3n fluido-estructura, problemas que modelen el comportamiento del material particulado,&nbsp; problemas de sedimentaci\u00f3n, entre otros\u201d, dice el Dr. Rivera.<\/p>\n\n\n\n<p>Otro proyecto adjudicado es &nbsp;\u201c\u00bfCu\u00e1ndo cambia la normativa de la escuela tambi\u00e9n debe hacerlo la formaci\u00f3n docente? Impacto del nuevo decreto sobre evaluaci\u00f3n, calificaci\u00f3n y promoci\u00f3n escolar en la preparaci\u00f3n de los\/as futuros\/as profesores\/as de Educaci\u00f3n F\u00edsica\u201d, cuyo responsable es el acad\u00e9mico Dr. Francisco Gallarado, iniciativa a desarrollar en tres centros de Formaci\u00f3n Inicial del profesorado en Educaci\u00f3n F\u00edsica (FIPEF) de la macro zona sur de Chile (Temuco, Valdivia, Osorno y Puerto Montt).<\/p>\n\n\n\n<p>\u201cCon este estudio, se pretende hacer seguimiento, monitoreo y evaluaci\u00f3n de la pol\u00edtica p\u00fablica, estableciendo un v\u00ednculo entre el desarrollo de conocimiento p\u00fablico y la implementaci\u00f3n de innovaciones pedag\u00f3gicas propuestas por el estado. Adem\u00e1s, se espera&nbsp; ayudar a profesores\/as de la disciplina entreg\u00e1ndoles informaci\u00f3n que les permita conocer el impacto de la incorporaci\u00f3n del decreto 67\/2018 en las concepciones y pr\u00e1cticas evaluativas de profesores\/as de FIPEF\u201d, dice el acad\u00e9mico perteneciente al Departamento de Educaci\u00f3n de Ulagos.<\/p>\n\n\n\n<p>En la l\u00ednea de proyectos de Post Doctorado, la Profesora Acad\u00e9mica del Departamento de Ciencias Exactas de Ulagos, Dra. Guadalupe Morales, ser\u00e1 la responsable de la investigaci\u00f3n \u201cTipificaci\u00f3n de argumentos de profesores de matem\u00e1ticas de Educaci\u00f3n media en formaci\u00f3n y en ejercicio en los procesos de ense\u00f1anza y aprendizaje de las transformaciones geom\u00e9tricas\u201d, cuyo objetivo es caracterizar y desarrollar la pr\u00e1ctica argumentativa de profesores de ense\u00f1anza media en Osorno, como una de las competencias claves y necesarias para la ense\u00f1anza de la matem\u00e1tica, particularmente de la geometr\u00eda, y que debe promoverse en los estudiantes de este nivel.<\/p>\n\n\n\n<p>\u201cCon esta investigaci\u00f3n, se pretende dar cabida a la contribuci\u00f3n de una herramienta te\u00f3rico-metodol\u00f3gica que permita la caracterizaci\u00f3n de los argumentos que promueven los profesores en la ense\u00f1anza de la geometr\u00eda. Este aporte, conlleva a impactar sobre los conocimientos did\u00e1cticos y matem\u00e1ticos del profesor, resaltando la importancia de fomentar argumentaci\u00f3n matem\u00e1tica en las tareas geom\u00e9tricas que desarrollan sus estudiantes\u201d, concluye la acad\u00e9mica.<\/p>\n\n\n\n<p>Finalmente el Vicerrector de Investigaci\u00f3n y Postgrado de Ulagos, Dr. \u00d3scar D\u00edaz, destac\u00f3 el potencial en materia de investigaci\u00f3n que posee la Universidad de Los Lagos, teniendo en cuenta la importante cantidad de proyectos adjudicados para este a\u00f1o. \u201cSin duda que la realizaci\u00f3n de estos proyectos viene a ratificar el nivel que Ulagos representa en materia de investigaci\u00f3n para la regi\u00f3n y el pa\u00eds, una investigaci\u00f3n pertinente con sentido y calidad que aborda una serie de \u00e1reas y disciplinas que sin duda ser\u00e1n un aporte para cada uno de los territorios; reafirmando el compromiso institucional de Ulagos por el desarrollo de la ciencia, investigaci\u00f3n y generaci\u00f3n de conocimiento\u201d, afirma el Directivo.<\/p>\n","protected":false},"excerpt":{"rendered":"<p>Los proyectos se dividen en Inicial, Regular y Postdoctorado, con plazos de ejecuci\u00f3n que van desde los 24 hasta los 48 meses, comenzando todos ellos desde este a\u00f1o.<\/p>\n","protected":false},"author":1,"featured_media":11466,"comment_status":"closed","ping_status":"closed","sticky":false,"template":"","format":"standard","meta":{"footnotes":""},"categories":[3,11],"tags":[],"class_list":["post-11465","post","type-post","status-publish","format-standard","has-post-thumbnail","hentry","category-al-dia","category-educacion"],"_links":{"self":[{"href":"https:\/\/www.semanariolocal.cl\/index.php?rest_route=\/wp\/v2\/posts\/11465","targetHints":{"allow":["GET"]}}],"collection":[{"href":"https:\/\/www.semanariolocal.cl\/index.php?rest_route=\/wp\/v2\/posts"}],"about":[{"href":"https:\/\/www.semanariolocal.cl\/index.php?rest_route=\/wp\/v2\/types\/post"}],"author":[{"embeddable":true,"href":"https:\/\/www.semanariolocal.cl\/index.php?rest_route=\/wp\/v2\/users\/1"}],"replies":[{"embeddable":true,"href":"https:\/\/www.semanariolocal.cl\/index.php?rest_route=%2Fwp%2Fv2%2Fcomments&post=11465"}],"version-history":[{"count":1,"href":"https:\/\/www.semanariolocal.cl\/index.php?rest_route=\/wp\/v2\/posts\/11465\/revisions"}],"predecessor-version":[{"id":11467,"href":"https:\/\/www.semanariolocal.cl\/index.php?rest_route=\/wp\/v2\/posts\/11465\/revisions\/11467"}],"wp:featuredmedia":[{"embeddable":true,"href":"https:\/\/www.semanariolocal.cl\/index.php?rest_route=\/wp\/v2\/media\/11466"}],"wp:attachment":[{"href":"https:\/\/www.semanariolocal.cl\/index.php?rest_route=%2Fwp%2Fv2%2Fmedia&parent=11465"}],"wp:term":[{"taxonomy":"category","embeddable":true,"href":"https:\/\/www.semanariolocal.cl\/index.php?rest_route=%2Fwp%2Fv2%2Fcategories&post=11465"},{"taxonomy":"post_tag","embeddable":true,"href":"https:\/\/www.semanariolocal.cl\/index.php?rest_route=%2Fwp%2Fv2%2Ftags&post=11465"}],"curies":[{"name":"wp","href":"https:\/\/api.w.org\/{rel}","templated":true}]}}