{"id":11462,"date":"2023-03-31T13:00:00","date_gmt":"2023-03-31T16:00:00","guid":{"rendered":"https:\/\/www.semanariolocal.cl\/?p=11462"},"modified":"2023-03-31T17:51:01","modified_gmt":"2023-03-31T20:51:01","slug":"comision-experta-presento-documento-oficial-con-propuestas-de-normas-constitucionales","status":"publish","type":"post","link":"https:\/\/www.semanariolocal.cl\/?p=11462","title":{"rendered":"Comisi\u00f3n Experta present\u00f3 documento oficial con Propuestas de Normas Constitucionales"},"content":{"rendered":"\n<p>Este jueves 30 de marzo se cumpli\u00f3 el plazo establecido en el reglamento de la Comisi\u00f3n Experta, para que las cuatro subcomisiones de la instancia presentaran las Propuestas de Normas Constitucionales.<\/p>\n\n\n\n<p>Durante la jornada, los integrantes de los \u00f3rganos del Proceso Constitucional alcanzaron acuerdos en los documentos que ingresaron para su debate y votaci\u00f3n por el pleno de las comisionadas y los comisionados.<\/p>\n\n\n\n<p><strong>Estructura Constitucional aprobada:<\/strong><\/p>\n\n\n\n<ol class=\"wp-block-list\">\n<li>Fundamentos del orden constitucional:&nbsp;<a href=\"https:\/\/www.procesoconstitucional.cl\/wp-content\/uploads\/2023\/03\/Capitulo-I-final-firmado.pdf\" target=\"_blank\" rel=\"noreferrer noopener\">Cap\u00edtulo I<\/a><\/li>\n\n\n\n<li>Derechos y libertades fundamentales, garant\u00edas y deberes constitucionales:&nbsp;<a href=\"https:\/\/www.procesoconstitucional.cl\/wp-content\/uploads\/2023\/03\/Capitulo-II.pdf\" target=\"_blank\" rel=\"noreferrer noopener\">Cap\u00edtulo II<\/a><\/li>\n\n\n\n<li>Representaci\u00f3n pol\u00edtica y participaci\u00f3n:&nbsp;<a href=\"https:\/\/www.procesoconstitucional.cl\/wp-content\/uploads\/2023\/03\/Capitulo-III..pdf\" target=\"_blank\" rel=\"noreferrer noopener\">Cap\u00edtulo III.<\/a><\/li>\n\n\n\n<li>Congreso Nacional:&nbsp;<a href=\"https:\/\/www.procesoconstitucional.cl\/wp-content\/uploads\/2023\/03\/Capitulo-IV..pdf\" target=\"_blank\" rel=\"noreferrer noopener\">Cap\u00edtulo IV.<\/a><\/li>\n\n\n\n<li>Gobierno y Administraci\u00f3n del Estado:&nbsp;<a href=\"https:\/\/www.procesoconstitucional.cl\/wp-content\/uploads\/2023\/03\/Capitulo-V..pdf\" target=\"_blank\" rel=\"noreferrer noopener\">Cap\u00edtulo V.<\/a><\/li>\n\n\n\n<li>Gobierno y Administraci\u00f3n Regional y Local:&nbsp;<a href=\"https:\/\/www.procesoconstitucional.cl\/wp-content\/uploads\/2023\/03\/Capitulo-VI..pdf\" target=\"_blank\" rel=\"noreferrer noopener\">Cap\u00edtulo VI.<\/a><\/li>\n\n\n\n<li>Poder Judicial:&nbsp;<a href=\"https:\/\/www.procesoconstitucional.cl\/wp-content\/uploads\/2023\/03\/Capitulo-VII..pdf\" target=\"_blank\" rel=\"noreferrer noopener\">Cap\u00edtulo VII.<\/a><\/li>\n\n\n\n<li>Corte Constitucional:&nbsp;<a href=\"https:\/\/www.procesoconstitucional.cl\/wp-content\/uploads\/2023\/03\/Capitulo-VIII..pdf\" target=\"_blank\" rel=\"noreferrer noopener\">Cap\u00edtulo VIII.<\/a><\/li>\n\n\n\n<li>Ministerio P\u00fablico:&nbsp;<a href=\"https:\/\/www.procesoconstitucional.cl\/wp-content\/uploads\/2023\/03\/Capitulo-IX..pdf\" target=\"_blank\" rel=\"noreferrer noopener\">Cap\u00edtulo IX.<\/a><\/li>\n\n\n\n<li>Justicia Electoral y Servicio Electoral:&nbsp;<a href=\"https:\/\/www.procesoconstitucional.cl\/wp-content\/uploads\/2023\/03\/Capitulo-X.pdf\" target=\"_blank\" rel=\"noreferrer noopener\">Cap\u00edtulo X<\/a><\/li>\n\n\n\n<li>Contralor\u00eda General de la Rep\u00fablica:&nbsp;<a href=\"https:\/\/www.procesoconstitucional.cl\/wp-content\/uploads\/2023\/03\/Capitulo-XI.pdf\" target=\"_blank\" rel=\"noreferrer noopener\">Cap\u00edtulo XI<\/a><\/li>\n\n\n\n<li>Banco Central:&nbsp;<a href=\"https:\/\/www.procesoconstitucional.cl\/wp-content\/uploads\/2023\/03\/Capitulo-XII.pdf\" target=\"_blank\" rel=\"noreferrer noopener\">Cap\u00edtulo XII<\/a><\/li>\n\n\n\n<li>Protecci\u00f3n del Medio Ambiente, Sostenibilidad y Desarrollo:&nbsp;<a href=\"https:\/\/www.procesoconstitucional.cl\/wp-content\/uploads\/2023\/03\/Capitulo-XIII.pdf\" target=\"_blank\" rel=\"noreferrer noopener\">Cap\u00edtulo XIII<\/a><\/li>\n\n\n\n<li>Procedimientos de cambio constitucional:&nbsp;<a href=\"https:\/\/www.procesoconstitucional.cl\/wp-content\/uploads\/2023\/03\/Capitulo-XIV.pdf\" target=\"_blank\" rel=\"noreferrer noopener\">Cap\u00edtulo XIV<\/a><\/li>\n<\/ol>\n\n\n\n<ul class=\"wp-block-list\">\n<li>Se realizar\u00e1n cinco sesiones de pleno de la Comisi\u00f3n Experta, destinadas al debate y votaci\u00f3n en general de las iniciativas constitucionales, de acuerdo a la siguiente tabla:<\/li>\n<\/ul>\n\n\n\n<figure class=\"wp-block-table\"><table><tbody><tr><td><strong><br><br>D\u00eda<\/strong><\/td><td><strong>Horario<\/strong><\/td><td><strong>Materias<\/strong><\/td><\/tr><tr><td><strong>Lunes 3 de abril<\/strong><\/td><td>15 a 20 horas<\/td><td>Cap\u00edtulo 1.&nbsp;&nbsp; Fundamentos del orden constitucional.Cap\u00edtulo 2.&nbsp;&nbsp; Derechos y libertades fundamentales, garant\u00edas y deberes constitucionales.Cap\u00edtulo 3.&nbsp;&nbsp; Representaci\u00f3n pol\u00edtica y participaci\u00f3n.<\/td><\/tr><tr><td rowspan=\"2\"><strong>Martes 4 de abril<\/strong><\/td><td>9 a 13 horas<\/td><td>Cap\u00edtulo 4.&nbsp;&nbsp; Congreso Nacional.Cap\u00edtulo 5.&nbsp;&nbsp; Gobierno y Administraci\u00f3n del Estado.Cap\u00edtulo 6.&nbsp;&nbsp; Gobierno y Administraci\u00f3n Regional y Local.<\/td><\/tr><tr><td>15 a 20 horas<\/td><td>Cap\u00edtulo 7.&nbsp;&nbsp; Poder Judicial.Cap\u00edtulo 8.&nbsp;&nbsp; Corte Constitucional.Cap\u00edtulo 9.&nbsp;&nbsp; Ministerio P\u00fablico.<\/td><\/tr><tr><td rowspan=\"2\"><strong>Mi\u00e9rcoles 5 de abril<\/strong><\/td><td>9 a 13 horas<\/td><td>Cap\u00edtulo 10.&nbsp; Justicia electoral y Servicio Electoral.Cap\u00edtulo 11.&nbsp; Contralor\u00eda General de la Rep\u00fablica.Cap\u00edtulo 12.&nbsp; Banco Central.<\/td><\/tr><tr><td>15 horas y hasta total despacho<\/td><td>Cap\u00edtulo 13.&nbsp; Protecci\u00f3n del Medio Ambiente, Sostenibilidad y Desarrollo.Cap\u00edtulo 14.&nbsp; Procedimientos de cambio constitucional.<\/td><\/tr><\/tbody><\/table><\/figure>\n","protected":false},"excerpt":{"rendered":"<p>Documentos quedan listo para la discusi\u00f3n y debate del pleno de la comisi\u00f3n experta en las fechas y horas indicadas.  <\/p>\n","protected":false},"author":1,"featured_media":11463,"comment_status":"closed","ping_status":"closed","sticky":false,"template":"","format":"standard","meta":{"footnotes":""},"categories":[3],"tags":[686,1727,337,273,1686,1728,247,133],"class_list":["post-11462","post","type-post","status-publish","format-standard","has-post-thumbnail","hentry","category-al-dia","tag-chile","tag-expertos","tag-informacion","tag-noticias","tag-nueva-constitucion","tag-pais","tag-region-de-los-lagos","tag-semanario-local"],"_links":{"self":[{"href":"https:\/\/www.semanariolocal.cl\/index.php?rest_route=\/wp\/v2\/posts\/11462","targetHints":{"allow":["GET"]}}],"collection":[{"href":"https:\/\/www.semanariolocal.cl\/index.php?rest_route=\/wp\/v2\/posts"}],"about":[{"href":"https:\/\/www.semanariolocal.cl\/index.php?rest_route=\/wp\/v2\/types\/post"}],"author":[{"embeddable":true,"href":"https:\/\/www.semanariolocal.cl\/index.php?rest_route=\/wp\/v2\/users\/1"}],"replies":[{"embeddable":true,"href":"https:\/\/www.semanariolocal.cl\/index.php?rest_route=%2Fwp%2Fv2%2Fcomments&post=11462"}],"version-history":[{"count":1,"href":"https:\/\/www.semanariolocal.cl\/index.php?rest_route=\/wp\/v2\/posts\/11462\/revisions"}],"predecessor-version":[{"id":11464,"href":"https:\/\/www.semanariolocal.cl\/index.php?rest_route=\/wp\/v2\/posts\/11462\/revisions\/11464"}],"wp:featuredmedia":[{"embeddable":true,"href":"https:\/\/www.semanariolocal.cl\/index.php?rest_route=\/wp\/v2\/media\/11463"}],"wp:attachment":[{"href":"https:\/\/www.semanariolocal.cl\/index.php?rest_route=%2Fwp%2Fv2%2Fmedia&parent=11462"}],"wp:term":[{"taxonomy":"category","embeddable":true,"href":"https:\/\/www.semanariolocal.cl\/index.php?rest_route=%2Fwp%2Fv2%2Fcategories&post=11462"},{"taxonomy":"post_tag","embeddable":true,"href":"https:\/\/www.semanariolocal.cl\/index.php?rest_route=%2Fwp%2Fv2%2Ftags&post=11462"}],"curies":[{"name":"wp","href":"https:\/\/api.w.org\/{rel}","templated":true}]}}