{"id":11438,"date":"2023-03-31T09:00:00","date_gmt":"2023-03-31T12:00:00","guid":{"rendered":"https:\/\/www.semanariolocal.cl\/?p=11438"},"modified":"2023-03-31T12:54:48","modified_gmt":"2023-03-31T15:54:48","slug":"municipio-osornino-suma-nuevo-camion-recolector-de-basura-para-sectores-rurales","status":"publish","type":"post","link":"https:\/\/www.semanariolocal.cl\/?p=11438","title":{"rendered":"Municipio osornino suma nuevo cami\u00f3n recolector de basura para sectores rurales"},"content":{"rendered":"\n<p>Un cami\u00f3n recolector a\u00f1o 2022, con una caja compactadora de capacidad de 20 metros c\u00fabicos, adquiri\u00f3 con fondos propios el municipio osornino, para mejorar el servicio de limpieza en las localidades apartadas a la urbe, m\u00f3vil que saldr\u00e1 a cumplir labores a partir del 3 de abril y cuya inversi\u00f3n alcanz\u00f3 los 183 millones de pesos.&nbsp;&nbsp;<\/p>\n\n\n\n<p>La autoridad comunal, Emeterio Carrillo, destac\u00f3 que con la&nbsp;<em>\u201cllegada de esta nueva m\u00e1quina se va a dar respuesta a la solicitud que plantearon los vecinos de sectores rurales, de reforzar la extracci\u00f3n de retiro de basura domiciliaria en los sectores rurales, proyect\u00e1ndose tambi\u00e9n la compra de una retroexcavadora para sacar los microbasurales\u201d.<\/em><em>&nbsp;<\/em><\/p>\n\n\n\n<p>Carrillo explic\u00f3 que con&nbsp;la llegada de este nuevo m\u00f3vil ser\u00e1n en total nueve las personas dedicadas a atender el retiro de basura domiciliaria de las familias que viven en las 32 localidades rurales de la comuna de Osorno, enfatizando que tambi\u00e9n se trabaja en un programa especial para renovar la flota restante.&nbsp;<\/p>\n\n\n\n<p>Se inform\u00f3 que el municipio ofrece una frecuencia de retiro que va de 1 a 2 veces a la semana, en el sector rural, seg\u00fan la cantidad de poblaci\u00f3n,&nbsp;<em>\u201cya que mientras m\u00e1s poblado se entregan 2 frecuencias\u201d<\/em>, dijo el Director de Medioambiente Aseo y Ornato, Carlos Medina.&nbsp;<\/p>\n\n\n\n<p>El profesional agreg\u00f3 que paralelamente al retiro de residuos domiciliaria, otra cuadrilla est\u00e1 enfocada en el Programa Patio Limpio Rural, en plena ejecuci\u00f3n, hasta la primera quincena de mayo de este 2023.&nbsp;<\/p>\n\n\n\n<p>Medina se\u00f1al\u00f3 que el&nbsp;municipio ofrece el uso gratuito (exento de pago) al Vertedero de Curaco, para el dep\u00f3sito de residuos voluminosos y restos de patio limpio de 1 a 1.500 kg hasta dos veces al mes.&nbsp;<\/p>\n","protected":false},"excerpt":{"rendered":"<p>El nuevo m\u00f3vil municipal fue presentado a dirigentes y se suma a los otros dos camiones que realizan el servicio de recolecci\u00f3n de desechos domiciliarios en las 32 localidades rurales a las que el municipio les presta este servicio en la comuna de Osorno. <\/p>\n","protected":false},"author":1,"featured_media":11439,"comment_status":"closed","ping_status":"closed","sticky":false,"template":"","format":"standard","meta":{"footnotes":""},"categories":[3],"tags":[],"class_list":["post-11438","post","type-post","status-publish","format-standard","has-post-thumbnail","hentry","category-al-dia"],"_links":{"self":[{"href":"https:\/\/www.semanariolocal.cl\/index.php?rest_route=\/wp\/v2\/posts\/11438","targetHints":{"allow":["GET"]}}],"collection":[{"href":"https:\/\/www.semanariolocal.cl\/index.php?rest_route=\/wp\/v2\/posts"}],"about":[{"href":"https:\/\/www.semanariolocal.cl\/index.php?rest_route=\/wp\/v2\/types\/post"}],"author":[{"embeddable":true,"href":"https:\/\/www.semanariolocal.cl\/index.php?rest_route=\/wp\/v2\/users\/1"}],"replies":[{"embeddable":true,"href":"https:\/\/www.semanariolocal.cl\/index.php?rest_route=%2Fwp%2Fv2%2Fcomments&post=11438"}],"version-history":[{"count":1,"href":"https:\/\/www.semanariolocal.cl\/index.php?rest_route=\/wp\/v2\/posts\/11438\/revisions"}],"predecessor-version":[{"id":11440,"href":"https:\/\/www.semanariolocal.cl\/index.php?rest_route=\/wp\/v2\/posts\/11438\/revisions\/11440"}],"wp:featuredmedia":[{"embeddable":true,"href":"https:\/\/www.semanariolocal.cl\/index.php?rest_route=\/wp\/v2\/media\/11439"}],"wp:attachment":[{"href":"https:\/\/www.semanariolocal.cl\/index.php?rest_route=%2Fwp%2Fv2%2Fmedia&parent=11438"}],"wp:term":[{"taxonomy":"category","embeddable":true,"href":"https:\/\/www.semanariolocal.cl\/index.php?rest_route=%2Fwp%2Fv2%2Fcategories&post=11438"},{"taxonomy":"post_tag","embeddable":true,"href":"https:\/\/www.semanariolocal.cl\/index.php?rest_route=%2Fwp%2Fv2%2Ftags&post=11438"}],"curies":[{"name":"wp","href":"https:\/\/api.w.org\/{rel}","templated":true}]}}