{"id":11400,"date":"2023-03-29T09:58:00","date_gmt":"2023-03-29T12:58:00","guid":{"rendered":"https:\/\/www.semanariolocal.cl\/?p=11400"},"modified":"2023-03-29T22:04:20","modified_gmt":"2023-03-30T01:04:20","slug":"solicitaran-mas-recursos-para-combatir-ingreso-de-drogas-a-puertos-de-chiloe","status":"publish","type":"post","link":"https:\/\/www.semanariolocal.cl\/?p=11400","title":{"rendered":"Solicitar\u00e1n m\u00e1s recursos para combatir ingreso de drogas a puertos de Chilo\u00e9"},"content":{"rendered":"\n<p>En una semana marcada por la tramitaci\u00f3n de proyectos que entreguen mayores atribuciones a Carabineros y la PDI, de manera de brindarle m\u00e1s seguridad a la ciudadan\u00eda, el diputado de la UDI, Fernando B\u00f3rquez, hizo un llamado al gobierno a tambi\u00e9n entregar mayores recursos a la Polic\u00eda Mar\u00edtima dependiente de la Directemar, de manera de contar con las herramientas necesarias para evitar que bandas de narcotraficantes entren a los puertos de Chilo\u00e9 y el resto del pa\u00eds.<\/p>\n\n\n\n<p>Al respecto, el legislador record\u00f3 que en la actualidad \u201cexiste un proyecto de ley que aumenta la planta del Personal de Polic\u00eda Mar\u00edtima en poco m\u00e1s de 600 funcionarios, lo que permitir\u00e1 tener m\u00e1s presencia en borde costero y recintos portuarios, pero que ha tenido poco avance y no fue incluido en el paquete de proyectos a tramitar esta semana\u201d.<\/p>\n\n\n\n<p>\u201cEn la actualidad\u201d, agreg\u00f3 B\u00f3rquez, \u201cs\u00f3lo cumplen estas funciones de patrullaje y fiscalizaci\u00f3n cerca del 10 % de la planta de la Armada, para cubrir m\u00e1s de 5 mil kil\u00f3metros de costa\u201d.<\/p>\n\n\n\n<p>\u201cDebemos evitar que bandas criminales y de narcotraficantes sigan utilizando los puertos del pa\u00eds, y especialmente los de la isla de Chilo\u00e9, para la introducci\u00f3n de drogas al territorio nacional, y eso s\u00f3lo se puede lograr con mayores recursos, herramientas y personal capacitado para aquello\u201d, subray\u00f3 el parlamentario.<\/p>\n\n\n\n<p>Por \u00faltimo, B\u00f3rquez adelant\u00f3 que oficiar\u00e1 al Ministerio de Defensa \u201cpara conocer el estado de avance de los proyectos que han sido ingresados y que le pongan las urgencias necesarias, de lo contrario, no s\u00f3lo vamos a perder la guerra contra la delincuencia, sino tambi\u00e9n contra el narcotr\u00e1fico\u201d.<\/p>\n","protected":false},"excerpt":{"rendered":"<p>Actualmente existe un proyecto de ley que aumenta la planta del Personal de Polic\u00eda Mar\u00edtima en poco m\u00e1s de 600 funcionarios, lo que permitir\u00e1 tener m\u00e1s presencia en borde costero y recintos portuarios, pero que ha tenido poco avance y no fue incluido en el paquete de proyectos a tramitar esta semana.<\/p>\n","protected":false},"author":1,"featured_media":11401,"comment_status":"closed","ping_status":"closed","sticky":false,"template":"","format":"standard","meta":{"footnotes":""},"categories":[3,8,6],"tags":[441,246,337,273,247,133],"class_list":["post-11400","post","type-post","status-publish","format-standard","has-post-thumbnail","hentry","category-al-dia","category-comunas","category-politica","tag-chiloe","tag-comunas","tag-informacion","tag-noticias","tag-region-de-los-lagos","tag-semanario-local"],"_links":{"self":[{"href":"https:\/\/www.semanariolocal.cl\/index.php?rest_route=\/wp\/v2\/posts\/11400","targetHints":{"allow":["GET"]}}],"collection":[{"href":"https:\/\/www.semanariolocal.cl\/index.php?rest_route=\/wp\/v2\/posts"}],"about":[{"href":"https:\/\/www.semanariolocal.cl\/index.php?rest_route=\/wp\/v2\/types\/post"}],"author":[{"embeddable":true,"href":"https:\/\/www.semanariolocal.cl\/index.php?rest_route=\/wp\/v2\/users\/1"}],"replies":[{"embeddable":true,"href":"https:\/\/www.semanariolocal.cl\/index.php?rest_route=%2Fwp%2Fv2%2Fcomments&post=11400"}],"version-history":[{"count":1,"href":"https:\/\/www.semanariolocal.cl\/index.php?rest_route=\/wp\/v2\/posts\/11400\/revisions"}],"predecessor-version":[{"id":11402,"href":"https:\/\/www.semanariolocal.cl\/index.php?rest_route=\/wp\/v2\/posts\/11400\/revisions\/11402"}],"wp:featuredmedia":[{"embeddable":true,"href":"https:\/\/www.semanariolocal.cl\/index.php?rest_route=\/wp\/v2\/media\/11401"}],"wp:attachment":[{"href":"https:\/\/www.semanariolocal.cl\/index.php?rest_route=%2Fwp%2Fv2%2Fmedia&parent=11400"}],"wp:term":[{"taxonomy":"category","embeddable":true,"href":"https:\/\/www.semanariolocal.cl\/index.php?rest_route=%2Fwp%2Fv2%2Fcategories&post=11400"},{"taxonomy":"post_tag","embeddable":true,"href":"https:\/\/www.semanariolocal.cl\/index.php?rest_route=%2Fwp%2Fv2%2Ftags&post=11400"}],"curies":[{"name":"wp","href":"https:\/\/api.w.org\/{rel}","templated":true}]}}