{"id":11394,"date":"2023-03-29T09:48:00","date_gmt":"2023-03-29T12:48:00","guid":{"rendered":"https:\/\/www.semanariolocal.cl\/?p=11394"},"modified":"2023-03-29T21:53:18","modified_gmt":"2023-03-30T00:53:18","slug":"municipio-osornino-habilitara-cuatro-nuevas-salas-de-estimulacion-multisensorial","status":"publish","type":"post","link":"https:\/\/www.semanariolocal.cl\/?p=11394","title":{"rendered":"<strong>Municipio osornino habilitar\u00e1 cuatro nuevas salas de estimulaci\u00f3n multisensorial<\/strong>"},"content":{"rendered":"\n<p>Fue en sesi\u00f3n de Concejo Municipal donde se aprob\u00f3 la contrataci\u00f3n de la empresa que ejecutar\u00e1 los trabajos para habilitar estas cuatro nuevas Salas de Estimulaci\u00f3n Multisensorial (SEM), inversi\u00f3n que alcanza a los $256 millones 40 mil 400 pesos y que es financiada con recursos propios del Departamento de Administraci\u00f3n de Educaci\u00f3n Municipal (Daem), el Fondo de Apoyo a la Educaci\u00f3n P\u00fablica (Faep) y del Programa de Integraci\u00f3n Escolar (PIE).<\/p>\n\n\n\n<p>El alcalde Emeterio Carrillo dijo que como sostenedor de la educaci\u00f3n p\u00fablica en Osorno, <strong><em>\u201cdecidimos avanzar en materia de integraci\u00f3n, con obras concretas y muy necesarias. De esta forma, Osorno contar\u00e1 con 5 salas SEM, toda vez que la Escuela Especial Ana Aichele ya inaugur\u00f3 la suya a principio del mes de marzo\u201d. <\/em><\/strong>Con ello se busca favorecer a m\u00e1s estudiantes con necesidades educativas especiales, ofreci\u00e9ndoles igualdad de condiciones en el acceso a la formaci\u00f3n pedag\u00f3gica.<\/p>\n\n\n\n<p>El director de Daem Osorno, Mauricio Guti\u00e9rrez, coment\u00f3 que el proyecto, <strong><em>\u201ces parte del programa de trabajo que ejecuta el Departamento de Educaci\u00f3n Municipal, en virtud a las orientaciones dispuesta por la actual gesti\u00f3n edilicia en materia de integraci\u00f3n educativa<\/em><\/strong>\u201d.<\/p>\n\n\n\n<h2 class=\"wp-block-heading\"><strong><strong>salas de estimulaci\u00f3n multisensorial<\/strong><\/strong><\/h2>\n\n\n\n<p>El nuevo espacio educativo les permite a los alumnos desarrollar un despertar sensorial, favoreciendo la comprensi\u00f3n del entorno inmediato y general, a trav\u00e9s de est\u00edmulos y actividades significativas.<\/p>\n\n\n\n<p>La habilitaci\u00f3n de cada sala SEM considera una tablet y sistema de control central, actividades digitales, un sistema de audio especial, un tubo de burbujas, fibra \u00f3ptica con fuente de luz formato ducha, una led interactiva en muros, una esfera de espejos, una piscina de pelotas, un sistema de aromatizaci\u00f3n automatizado, un m\u00f3dulo vibro ac\u00fastico y un set de percepci\u00f3n t\u00e1ctil, entre otras herramientas educativas multisensoriales.<\/p>\n","protected":false},"excerpt":{"rendered":"<p>Fue en sesi\u00f3n de Concejo Municipal donde se aprob\u00f3 la contrataci\u00f3n de la empresa que ejecutar\u00e1 los trabajos para habilitar estas cuatro nuevas Salas de Estimulaci\u00f3n Multisensorial (SEM), inversi\u00f3n que alcanza a los $256 millones 40 mil 400 pesos y que es financiada con recursos propios del Departamento de Administraci\u00f3n de Educaci\u00f3n Municipal (Daem), el&#8230;<a class=\"btnReadMore\" href=\"https:\/\/www.semanariolocal.cl\/?p=11394\"> Leer M\u00e1s<\/a><\/p>\n","protected":false},"author":1,"featured_media":11395,"comment_status":"closed","ping_status":"closed","sticky":false,"template":"","format":"standard","meta":{"footnotes":""},"categories":[3],"tags":[1435,1712,77,276,337,485,273,247,133],"class_list":["post-11394","post","type-post","status-publish","format-standard","has-post-thumbnail","hentry","category-al-dia","tag-alcalde-de-osorno","tag-daem","tag-educacion","tag-emeterio-carrillo","tag-informacion","tag-municipalidad-de-osorno","tag-noticias","tag-region-de-los-lagos","tag-semanario-local"],"_links":{"self":[{"href":"https:\/\/www.semanariolocal.cl\/index.php?rest_route=\/wp\/v2\/posts\/11394","targetHints":{"allow":["GET"]}}],"collection":[{"href":"https:\/\/www.semanariolocal.cl\/index.php?rest_route=\/wp\/v2\/posts"}],"about":[{"href":"https:\/\/www.semanariolocal.cl\/index.php?rest_route=\/wp\/v2\/types\/post"}],"author":[{"embeddable":true,"href":"https:\/\/www.semanariolocal.cl\/index.php?rest_route=\/wp\/v2\/users\/1"}],"replies":[{"embeddable":true,"href":"https:\/\/www.semanariolocal.cl\/index.php?rest_route=%2Fwp%2Fv2%2Fcomments&post=11394"}],"version-history":[{"count":1,"href":"https:\/\/www.semanariolocal.cl\/index.php?rest_route=\/wp\/v2\/posts\/11394\/revisions"}],"predecessor-version":[{"id":11396,"href":"https:\/\/www.semanariolocal.cl\/index.php?rest_route=\/wp\/v2\/posts\/11394\/revisions\/11396"}],"wp:featuredmedia":[{"embeddable":true,"href":"https:\/\/www.semanariolocal.cl\/index.php?rest_route=\/wp\/v2\/media\/11395"}],"wp:attachment":[{"href":"https:\/\/www.semanariolocal.cl\/index.php?rest_route=%2Fwp%2Fv2%2Fmedia&parent=11394"}],"wp:term":[{"taxonomy":"category","embeddable":true,"href":"https:\/\/www.semanariolocal.cl\/index.php?rest_route=%2Fwp%2Fv2%2Fcategories&post=11394"},{"taxonomy":"post_tag","embeddable":true,"href":"https:\/\/www.semanariolocal.cl\/index.php?rest_route=%2Fwp%2Fv2%2Ftags&post=11394"}],"curies":[{"name":"wp","href":"https:\/\/api.w.org\/{rel}","templated":true}]}}