{"id":11367,"date":"2023-03-27T19:25:00","date_gmt":"2023-03-27T22:25:00","guid":{"rendered":"https:\/\/www.semanariolocal.cl\/?p=11367"},"modified":"2023-03-27T22:30:28","modified_gmt":"2023-03-28T01:30:28","slug":"admisible-querella-presentada-por-chile-rural-ag-en-contra-de-funcionarios-del-sag","status":"publish","type":"post","link":"https:\/\/www.semanariolocal.cl\/?p=11367","title":{"rendered":"Admisible querella presentada por Chile Rural AG en contra de funcionarios del SAG"},"content":{"rendered":"\n<p>En el marco de \u201cincumplimiento de sus obligaciones legales\u201d y el delito de \u201cabusos contra particulares\u201d en proyecto de subdivisi\u00f3n de predios agr\u00edcolas de Green Capital, abogados de Chile Rural AG presentaron una querella criminal contra funcionarios del SAG de la regi\u00f3n de Ays\u00e9n, la cual fue declarada admisible a mediados de la semana pasada.<\/p>\n\n\n\n<p>El pasado 22 de marzo, la jueza Javiera Alarc\u00f3n, del Juzgado de Letras y Garant\u00eda de Cochrane, declar\u00f3 admisible una querella criminal patrocinada por los abogados Carlos Gajardo y Pablo Norambuena, asesores jur\u00eddicos de Chile Rural AG, en representaci\u00f3n de Green Capital SpA, en contra de Valentina Carrasco, Directora Regional (S) del Servicio Agr\u00edcola y Ganadero (SAG) de la Regi\u00f3n de Ays\u00e9n, y de Pedro Isamitt, Jefe de la Oficina Provincial de Cochrane del SAG, en calidad de autores del delito de abusos contra particulares, en grado de consumado, previsto y sancionado en el art\u00edculo 257 del C\u00f3digo Penal.<\/p>\n\n\n\n<p>La querella plantea que con fecha 11 de octubre de 2022, Green Capital SpA, ingres\u00f3 al SAG, una solicitud de certificaci\u00f3n de subdivisi\u00f3n de predios rurales, de conformidad con lo establecido en el DL 3.516, sobre el inmueble rol 251- 4, de la comuna de Cochrane.<\/p>\n\n\n\n<p>No obstante haber transcurrido todos los plazos legales, la Directora Regional (S) del SAG de Ays\u00e9n y el Jefe de Oficina de Cochrane, sin contar con atribuciones legales para ello, ha oficiado a distintos organismos p\u00fablicos, con el \u00fanico fin, seg\u00fan detalla el Presidente de Chile Rural AG Patricio \u00c1lvarez de \u201cdilatar la entrega de la certificaci\u00f3n solicitada a la Autoridad P\u00fablica\u201d.<\/p>\n\n\n\n<p>El Presidente de dicha Asociaci\u00f3n Gremial, adem\u00e1s agreg\u00f3 que \u201cesta acci\u00f3n penal es la primera de una serie de acciones que presentaremos prontamente en contra de distintos funcionarios,&nbsp; jefes de oficina y directores regionales del SAG, quienes incumpliendo con sus obligaciones legales han dilatado o demorado la certificaci\u00f3n de subdivisiones de predios r\u00fasticos, lo cual se enmarca en el reiterado incumplimiento por parte de las oficinas regionales y provinciales del SAG, respecto de la medida cautelar dictada por el 7\u00b0 juzgado Civil de Santiago\u201d.<\/p>\n\n\n\n<p>Por su parte el ex fiscal y asesor jur\u00eddico de Chile Rural AG, Carlo Gajardo, expres\u00f3 que \u201cla querella se presenta por el delito de abuso contra particulares que sanciona al funcionario p\u00fablico que arbitrariamente rehusare dar certificado, que es lo que ha sucedido en este caso, al haberse ordenado previamente una serie de oficios que no guardan relaci\u00f3n con lo solicitado, no teniendo el SAG facultades para ello.\u201d<\/p>\n","protected":false},"excerpt":{"rendered":"<p>El pasado 22 de marzo  la jueza Javiera Alarc\u00f3n, del Juzgado de Letras y Garant\u00eda de Cochrane, declar\u00f3 admisible una querella criminal en contra del SAG por el delito de abusos contra particulares contemplado en el art\u00edculo 257 del C\u00f3digo Penal.<\/p>\n","protected":false},"author":1,"featured_media":11368,"comment_status":"closed","ping_status":"closed","sticky":false,"template":"","format":"standard","meta":{"footnotes":""},"categories":[20,3],"tags":[1568,1705,337,273,247,595,133,1706],"class_list":["post-11367","post","type-post","status-publish","format-standard","has-post-thumbnail","hentry","category-agro","category-al-dia","tag-aysen-2","tag-chile-rural-ag","tag-informacion","tag-noticias","tag-region-de-los-lagos","tag-sag","tag-semanario-local","tag-subdivisiones"],"_links":{"self":[{"href":"https:\/\/www.semanariolocal.cl\/index.php?rest_route=\/wp\/v2\/posts\/11367","targetHints":{"allow":["GET"]}}],"collection":[{"href":"https:\/\/www.semanariolocal.cl\/index.php?rest_route=\/wp\/v2\/posts"}],"about":[{"href":"https:\/\/www.semanariolocal.cl\/index.php?rest_route=\/wp\/v2\/types\/post"}],"author":[{"embeddable":true,"href":"https:\/\/www.semanariolocal.cl\/index.php?rest_route=\/wp\/v2\/users\/1"}],"replies":[{"embeddable":true,"href":"https:\/\/www.semanariolocal.cl\/index.php?rest_route=%2Fwp%2Fv2%2Fcomments&post=11367"}],"version-history":[{"count":1,"href":"https:\/\/www.semanariolocal.cl\/index.php?rest_route=\/wp\/v2\/posts\/11367\/revisions"}],"predecessor-version":[{"id":11369,"href":"https:\/\/www.semanariolocal.cl\/index.php?rest_route=\/wp\/v2\/posts\/11367\/revisions\/11369"}],"wp:featuredmedia":[{"embeddable":true,"href":"https:\/\/www.semanariolocal.cl\/index.php?rest_route=\/wp\/v2\/media\/11368"}],"wp:attachment":[{"href":"https:\/\/www.semanariolocal.cl\/index.php?rest_route=%2Fwp%2Fv2%2Fmedia&parent=11367"}],"wp:term":[{"taxonomy":"category","embeddable":true,"href":"https:\/\/www.semanariolocal.cl\/index.php?rest_route=%2Fwp%2Fv2%2Fcategories&post=11367"},{"taxonomy":"post_tag","embeddable":true,"href":"https:\/\/www.semanariolocal.cl\/index.php?rest_route=%2Fwp%2Fv2%2Ftags&post=11367"}],"curies":[{"name":"wp","href":"https:\/\/api.w.org\/{rel}","templated":true}]}}