{"id":11268,"date":"2023-03-21T09:39:26","date_gmt":"2023-03-21T12:39:26","guid":{"rendered":"https:\/\/www.semanariolocal.cl\/?p=11268"},"modified":"2023-03-21T09:45:16","modified_gmt":"2023-03-21T12:45:16","slug":"acusan-falta-de-comunicacion-de-concejales-con-alcalde-de-san-pablo","status":"publish","type":"post","link":"https:\/\/www.semanariolocal.cl\/?p=11268","title":{"rendered":"Acusan falta de comunicaci\u00f3n de concejales con Alcalde de San Pablo"},"content":{"rendered":"\n<p class=\"wp-block-paragraph\">\u00abLos Concejales de la comuna de San Pablo en la provincia de Osorno, se habr\u00edan enterado una vez m\u00e1s, por medio de la prensa que este mi\u00e9rcoles est\u00e1 en la tabla del pleno del Consejo Regional de los Lagos  uno de los proyectos m\u00e1s importantes para el territorio\u00bb, As\u00ed lo indican a trav\u00e9s de un comunicado de prensa entregado a los medios de comunicaci\u00f3n de la Region de los Lagos<\/p>\n\n\n\n<p class=\"wp-block-paragraph\">El documento indica que : \u00bb Se trata, seg\u00fan los que dice la tabla, del\u00a0Proyecto de \u201cConstrucci\u00f3n sistema de agua potable rural La Poza, comuna de San Pablo\u201d por $1.952 millones de pesos para los habitantes de la citada localidad\u00bb; Un importante proyecto del cual los concejales desconoc\u00edan su inclusi\u00f3n en la tabla del Consejo Regional  en una actitud que \u00abde un tiempo a la fecha se ha transformado de una pr\u00e1ctica habitual del jefe comunal cuya relaci\u00f3n con gran parte de los miembros del cuerpo de concejales, es bastante distantes\u00bb, seg\u00fan indican. <\/p>\n\n\n\n<p class=\"wp-block-paragraph\">As\u00ed lo expres\u00f3 la Concejala, Edith Canio, quien se\u00f1al\u00f3 que reci\u00e9n este domingo se enter\u00f3 de este proyecto por medio de las radios y diarios electr\u00f3nicos\u00a0sin que el tema sea abordado en las sesiones para hacer aportes y observaciones de un tema tan delicado como es el suministro de agua para el consumo de ciento de personas.<\/p>\n\n\n\n<p class=\"wp-block-paragraph\">\u201cNos sentimos aislados, nos reunimos una vez a la semana s\u00f3lo para escuchar algunas de las acciones del alcalde de San Pablo y para votar temas que en lo concreto tiene por relevancia, acciones que nos frustran en nuestros trabajo cotidianos como autoridades elegidas democr\u00e1ticamente\u201d, se\u00f1al\u00f3 la concejala Edith Canio.<\/p>\n\n\n\n<p class=\"wp-block-paragraph\">Es por esta raz\u00f3n que el edil pidi\u00f3 al alcalde, Soto, que tenga un cambio de actitud y considera a sus colegas en las grandes determinaciones que se deben adoptar como la inversi\u00f3n sectorial que se est\u00e1 pidiendo que bordea casi 2 mil millones de pesos sin conocer mayores detalles de esta iniciativa&nbsp;<\/p>\n","protected":false},"excerpt":{"rendered":"<p>Concejal Edith Canio, indic\u00f3 que no sab\u00edan de proyecto de agua potable rural para la poza por casi 2 mil millones de pesos<\/p>\n","protected":false},"author":1,"featured_media":11269,"comment_status":"closed","ping_status":"closed","sticky":false,"template":"","format":"standard","meta":{"footnotes":""},"categories":[3],"tags":[337,273,247,133],"class_list":["post-11268","post","type-post","status-publish","format-standard","has-post-thumbnail","hentry","category-al-dia","tag-informacion","tag-noticias","tag-region-de-los-lagos","tag-semanario-local"],"_links":{"self":[{"href":"https:\/\/www.semanariolocal.cl\/index.php?rest_route=\/wp\/v2\/posts\/11268","targetHints":{"allow":["GET"]}}],"collection":[{"href":"https:\/\/www.semanariolocal.cl\/index.php?rest_route=\/wp\/v2\/posts"}],"about":[{"href":"https:\/\/www.semanariolocal.cl\/index.php?rest_route=\/wp\/v2\/types\/post"}],"author":[{"embeddable":true,"href":"https:\/\/www.semanariolocal.cl\/index.php?rest_route=\/wp\/v2\/users\/1"}],"replies":[{"embeddable":true,"href":"https:\/\/www.semanariolocal.cl\/index.php?rest_route=%2Fwp%2Fv2%2Fcomments&post=11268"}],"version-history":[{"count":2,"href":"https:\/\/www.semanariolocal.cl\/index.php?rest_route=\/wp\/v2\/posts\/11268\/revisions"}],"predecessor-version":[{"id":11272,"href":"https:\/\/www.semanariolocal.cl\/index.php?rest_route=\/wp\/v2\/posts\/11268\/revisions\/11272"}],"wp:featuredmedia":[{"embeddable":true,"href":"https:\/\/www.semanariolocal.cl\/index.php?rest_route=\/wp\/v2\/media\/11269"}],"wp:attachment":[{"href":"https:\/\/www.semanariolocal.cl\/index.php?rest_route=%2Fwp%2Fv2%2Fmedia&parent=11268"}],"wp:term":[{"taxonomy":"category","embeddable":true,"href":"https:\/\/www.semanariolocal.cl\/index.php?rest_route=%2Fwp%2Fv2%2Fcategories&post=11268"},{"taxonomy":"post_tag","embeddable":true,"href":"https:\/\/www.semanariolocal.cl\/index.php?rest_route=%2Fwp%2Fv2%2Ftags&post=11268"}],"curies":[{"name":"wp","href":"https:\/\/api.w.org\/{rel}","templated":true}]}}