{"id":11185,"date":"2023-03-17T10:00:00","date_gmt":"2023-03-17T13:00:00","guid":{"rendered":"https:\/\/www.semanariolocal.cl\/?p=11185"},"modified":"2023-03-17T23:47:12","modified_gmt":"2023-03-18T02:47:12","slug":"personas-con-discapacidad-de-la-region-recibiran-ayudas-tecnicas-y-tecnologicas","status":"publish","type":"post","link":"https:\/\/www.semanariolocal.cl\/?p=11185","title":{"rendered":"Personas con discapacidad de la regi\u00f3n recibir\u00e1n ayudas t\u00e9cnicas y tecnol\u00f3gicas"},"content":{"rendered":"\n<p>La iniciativa piloto se lanz\u00f3 en Castro, Chilo\u00e9, considerando que hist\u00f3ricamente el archipi\u00e9lago ha quedado rezagado en la entrega de estas herramientas durante los \u00faltimos a\u00f1os, determin\u00e1ndose que, a trav\u00e9s de los ejecutores del proyecto, se d\u00e9 la partida a la idea que tiene su origen en el Gobierno Regional de Los Lagos.<\/p>\n\n\n\n<p>La instituci\u00f3n, Corporaci\u00f3n de Desarrollo Joaqu\u00edn de Los Andes, pretende ayudar al bienestar de las personas discapacitadas de la Regi\u00f3n de Los Lagos, buscando promover condiciones equitativas, de seguridad y acceso a condiciones de vida dignas.<\/p>\n\n\n\n<p>El Gobernador Regional, Patricio Vallespin, parti\u00f3 explicando que es in\u00e9dito en regiones el impulso que se pone para la adquisici\u00f3n de estas herramientas y que el 50% ser\u00e1 <em>\u201cpara ponernos al d\u00eda con las listas de espera que hab\u00eda con ayudas t\u00e9cnicas y que segu\u00edan esperando el implemento acorde al diagn\u00f3stico y el otro 50% para que nuevos postulantes puedan recibir nuevas ayudas t\u00e9cnicas en nuestra regi\u00f3n. Sabemos que tenemos casi un 18% de personas con discapacidad en la Regi\u00f3n De Los Lagos y muy pocos recursos destin\u00e1ndose a eso. El 2021 ya quer\u00edamos que esto se realizara, hab\u00edamos dispuesto 180 millones para el SENADIS, pero el nivel nacional, no pudo o no quiso ejecutarlo, da lo mismo lo que sucedi\u00f3 y lo que hicimos nosotros es buscar en la regi\u00f3n alguien que pueda sacar adelante este proyecto de ayudas t\u00e9cnicas para quienes lo requieran y no s\u00f3lo dijimos 180 millones, sino que, lo doblamos, llegando a 360 millones de pesos.<\/em><\/p>\n\n\n\n<p>La directora regional del Servicio Nacional de la Discapacidad, Jessica Droppelmann, detall\u00f3 que <em>\u201cva a existir un proceso porque hay una lista de ayudas t\u00e9cnicas que tiene la Corporaci\u00f3n con la que se tiene que evaluar a cada uno de los postulantes. Adem\u00e1s, hay un convenio de transferencia de datos sensibles que se tiene que hacer entre el Senadis y la Corporaci\u00f3n y es el mismo usuario quien tiene que autorizar que podamos compartir esa informaci\u00f3n con Joaqu\u00edn de los Andes y a partir de esa demanda, nosotros vamos a priorizar y se va a cubrir la lista de espera.<\/em><\/p>\n\n\n\n<p>Elena Soto, Coordinadora de la Corporaci\u00f3n Joaqu\u00edn de Los Andes, agreg\u00f3 que las personas podr\u00e1n postular en <em>\u201cla p\u00e1gina web que presentamos, <\/em><a href=\"http:\/\/www.atjoaqu\u00edndelosandes.cl\"><em>www.atjoaqu\u00edndelosandes.cl<\/em><\/a><em>, ah\u00ed est\u00e1 toda la informaci\u00f3n, los requisitos, los documentos que tienen que preparar de ante mano, la plataforma de postulaci\u00f3n va a estar abierta desde el 3 de abril por un mes completo para que la miren, para que avancen y para que nos hagan todas las consultas disponibles\u201d.<\/em><\/p>\n\n\n\n<p>El presidente de la comisi\u00f3n Chilo\u00e9 del Consejo Regional, Francisco C\u00e1rcamo, a\u00f1adi\u00f3 <em>\u201ceste es un programa piloto en la regi\u00f3n, donde hay mayor cantidad de recursos por lo tanto habr\u00e1 una mayor demanda, mayor cantidad de beneficiarios. Son 18 meses de ejecuci\u00f3n y esperamos tambi\u00e9n que la Corporaci\u00f3n Joaqu\u00edn de los Andes, cumpla las expectativas en el apoyo t\u00e9cnico, en el acompa\u00f1amiento de las personas que van a recibir estas ayudas y esperamos tener un buen resultado para que se pueda replicar y si es una buena iniciativa que impacta y ayuda directamente, ojal\u00e1 que las buenas ideas se copien y que las otras regiones tambi\u00e9n lo puedan replicar\u201d.<\/em><\/p>\n\n\n\n<p><\/p>\n","protected":false},"excerpt":{"rendered":"<p>El Consejo Regional de Los Lagos aprob\u00f3 para la ejecuci\u00f3n de la iniciativa 360 millones de pesos de los cuales 304 millones 200 mil, ser\u00e1n destinados exclusivamente para ayudas t\u00e9cnicas. La diferencia estar\u00e1 concentrada en los equipos t\u00e9cnicos en torno a la ejecuci\u00f3n.<\/p>\n","protected":false},"author":1,"featured_media":11186,"comment_status":"closed","ping_status":"closed","sticky":false,"template":"","format":"standard","meta":{"footnotes":""},"categories":[3,9],"tags":[337,273,247,133],"class_list":["post-11185","post","type-post","status-publish","format-standard","has-post-thumbnail","hentry","category-al-dia","category-gobierno","tag-informacion","tag-noticias","tag-region-de-los-lagos","tag-semanario-local"],"_links":{"self":[{"href":"https:\/\/www.semanariolocal.cl\/index.php?rest_route=\/wp\/v2\/posts\/11185","targetHints":{"allow":["GET"]}}],"collection":[{"href":"https:\/\/www.semanariolocal.cl\/index.php?rest_route=\/wp\/v2\/posts"}],"about":[{"href":"https:\/\/www.semanariolocal.cl\/index.php?rest_route=\/wp\/v2\/types\/post"}],"author":[{"embeddable":true,"href":"https:\/\/www.semanariolocal.cl\/index.php?rest_route=\/wp\/v2\/users\/1"}],"replies":[{"embeddable":true,"href":"https:\/\/www.semanariolocal.cl\/index.php?rest_route=%2Fwp%2Fv2%2Fcomments&post=11185"}],"version-history":[{"count":1,"href":"https:\/\/www.semanariolocal.cl\/index.php?rest_route=\/wp\/v2\/posts\/11185\/revisions"}],"predecessor-version":[{"id":11187,"href":"https:\/\/www.semanariolocal.cl\/index.php?rest_route=\/wp\/v2\/posts\/11185\/revisions\/11187"}],"wp:featuredmedia":[{"embeddable":true,"href":"https:\/\/www.semanariolocal.cl\/index.php?rest_route=\/wp\/v2\/media\/11186"}],"wp:attachment":[{"href":"https:\/\/www.semanariolocal.cl\/index.php?rest_route=%2Fwp%2Fv2%2Fmedia&parent=11185"}],"wp:term":[{"taxonomy":"category","embeddable":true,"href":"https:\/\/www.semanariolocal.cl\/index.php?rest_route=%2Fwp%2Fv2%2Fcategories&post=11185"},{"taxonomy":"post_tag","embeddable":true,"href":"https:\/\/www.semanariolocal.cl\/index.php?rest_route=%2Fwp%2Fv2%2Ftags&post=11185"}],"curies":[{"name":"wp","href":"https:\/\/api.w.org\/{rel}","templated":true}]}}