{"id":11177,"date":"2023-03-17T09:12:48","date_gmt":"2023-03-17T12:12:48","guid":{"rendered":"https:\/\/www.semanariolocal.cl\/?p=11177"},"modified":"2023-03-17T10:43:23","modified_gmt":"2023-03-17T13:43:23","slug":"con-llamado-a-la-reactivacion-educativa-se-inicio-nuevo-ano-parvulario-2022","status":"publish","type":"post","link":"https:\/\/www.semanariolocal.cl\/?p=11177","title":{"rendered":"Con llamado a la reactivaci\u00f3n educativa se inici\u00f3 nuevo a\u00f1o parvulario 2023"},"content":{"rendered":"\n<p>En la actividad se presentaron diversas acciones correspondientes al Plan de Reactivaci\u00f3n Educativa, enfocadas en las ni\u00f1as y ni\u00f1os y donde se insisti\u00f3 en la importancia de la asistencia permanente a las aulas de las diferentes unidades educativas de la regi\u00f3n, tanto JUNJI, Integra y VTFs.<\/p>\n\n\n\n<p>La jornada fue liderada por la seremi de Educaci\u00f3n, Daniela Carvacho, el director de JUNJI Los Lagos, Francisco Oshiro y el director de Integra, Francisco Vald\u00e9s.<\/p>\n\n\n\n<p>\u201cEl Ministerio de Educaci\u00f3n est\u00e1 preocupado que la reactivaci\u00f3n educativa parte en el nivel de educaci\u00f3n parvularia,\u00a0visibilizarlo como un nivel fundamental. Queremos llamar a todas las mam\u00e1s, pap\u00e1s y cuidadores principales a que env\u00eden sus hijos a los jardines; hemos trabajado en coordinaci\u00f3n como sector para garantizar que los establecimientos educativos est\u00e9n en las condiciones \u00f3ptimas\u201d, resalt\u00f3 la seremi Daniela Carvacho.<\/p>\n\n\n\n<p>En la misma l\u00ednea, el director regional de JUNJI, Francisco Oshiro, recalc\u00f3 la calidad del trabajo de educaci\u00f3n inicial de los establecimientos p\u00fablicos.<\/p>\n\n\n\n<p>\u201cNosotros como Junji estamos en la misma l\u00ednea, de acoger las confianzas de las familias y relevar este nivel que es fundamental para el desarrollo escolar futuro. Estamos volviendo de una pandemia y hemos hecho un trabajo organizado y sistem\u00e1tico con el sector educaci\u00f3n y eso da respuesta a lo que vemos hoy; un funcionamiento normal con ni\u00f1os de todas las etapas y edades, y tenemos las puertas abiertas para las familias que lo requieran\u201d, afirm\u00f3 la autoridad de JUNJI.<\/p>\n\n\n\n<p>En la misma l\u00ednea, el director regional de Integra, Francisco Vald\u00e9s, destac\u00f3 que \u201cestamos iniciando este nuevo a\u00f1o parvulario, poniendo todos nuestros esfuerzos en garantizar que los ni\u00f1os y ni\u00f1as est\u00e9n en espacios seguros y de bienestar lo que ha significado invertir en infraestructura y tambi\u00e9n en que los equipos t\u00e9cnicos se capaciten para acompa\u00f1ar esta etapa de desarrollo que es insustituible para los ni\u00f1os y las ni\u00f1as.<\/p>\n","protected":false},"excerpt":{"rendered":"<p>Autoridades de educaci\u00f3n y municipales llegaron hasta el jard\u00edn infantil y sala cuna Sue\u00f1os del Humedal de Fundaci\u00f3n Integra y donde estuvo parte de la comunidad JUNJI, para dar inicio oficial a las actividades parvularias y garantizar una educaci\u00f3n inicial p\u00fablica de calidad, equitativa e inclusiva.<\/p>\n","protected":false},"author":1,"featured_media":11178,"comment_status":"closed","ping_status":"closed","sticky":false,"template":"","format":"standard","meta":{"footnotes":""},"categories":[3],"tags":[1637,1638,337,1450,35,1472,1641,273,1639,247,133,1640],"class_list":["post-11177","post","type-post","status-publish","format-standard","has-post-thumbnail","hentry","category-al-dia","tag-francisco-oshiro","tag-francisco-valdes","tag-informacion","tag-integra","tag-junji","tag-mineduc","tag-mineduc-los-lagos","tag-noticias","tag-plan-de-reactivacion-educativa","tag-region-de-los-lagos","tag-semanario-local","tag-vtfs"],"_links":{"self":[{"href":"https:\/\/www.semanariolocal.cl\/index.php?rest_route=\/wp\/v2\/posts\/11177","targetHints":{"allow":["GET"]}}],"collection":[{"href":"https:\/\/www.semanariolocal.cl\/index.php?rest_route=\/wp\/v2\/posts"}],"about":[{"href":"https:\/\/www.semanariolocal.cl\/index.php?rest_route=\/wp\/v2\/types\/post"}],"author":[{"embeddable":true,"href":"https:\/\/www.semanariolocal.cl\/index.php?rest_route=\/wp\/v2\/users\/1"}],"replies":[{"embeddable":true,"href":"https:\/\/www.semanariolocal.cl\/index.php?rest_route=%2Fwp%2Fv2%2Fcomments&post=11177"}],"version-history":[{"count":2,"href":"https:\/\/www.semanariolocal.cl\/index.php?rest_route=\/wp\/v2\/posts\/11177\/revisions"}],"predecessor-version":[{"id":11184,"href":"https:\/\/www.semanariolocal.cl\/index.php?rest_route=\/wp\/v2\/posts\/11177\/revisions\/11184"}],"wp:featuredmedia":[{"embeddable":true,"href":"https:\/\/www.semanariolocal.cl\/index.php?rest_route=\/wp\/v2\/media\/11178"}],"wp:attachment":[{"href":"https:\/\/www.semanariolocal.cl\/index.php?rest_route=%2Fwp%2Fv2%2Fmedia&parent=11177"}],"wp:term":[{"taxonomy":"category","embeddable":true,"href":"https:\/\/www.semanariolocal.cl\/index.php?rest_route=%2Fwp%2Fv2%2Fcategories&post=11177"},{"taxonomy":"post_tag","embeddable":true,"href":"https:\/\/www.semanariolocal.cl\/index.php?rest_route=%2Fwp%2Fv2%2Ftags&post=11177"}],"curies":[{"name":"wp","href":"https:\/\/api.w.org\/{rel}","templated":true}]}}