{"id":11108,"date":"2023-03-13T20:00:00","date_gmt":"2023-03-13T23:00:00","guid":{"rendered":"https:\/\/www.semanariolocal.cl\/?p=11108"},"modified":"2023-03-13T20:32:50","modified_gmt":"2023-03-13T23:32:50","slug":"inedito-estudio-mundial-la-contaminacion-atmosferica-es-una-pandemia","status":"publish","type":"post","link":"https:\/\/www.semanariolocal.cl\/?p=11108","title":{"rendered":"In\u00e9dito estudio mundial: \u201cLa contaminaci\u00f3n atmosf\u00e9rica es una pandemia\u201d"},"content":{"rendered":"\n<p>El primer estudio mundial sobre contaminaci\u00f3n atmosf\u00e9rica revel\u00f3 que solo el 0,18% de la superficie terrestre y un 0,001% de la poblaci\u00f3n del mundo vive en niveles de contaminaci\u00f3n seguros para los est\u00e1ndares de la Organizaci\u00f3n Mundial de la Salud (OMS).<\/p>\n\n\n\n<p>Para el acad\u00e9mico del Departamento de Ingenier\u00eda Qu\u00edmica de la Universidad de Santiago de Chile, Luis Alonso D\u00edaz Robles, los datos relevados por el equipo de cient\u00edficos que lidera Yuming Guo, de la Universidad Monash de Melbourne, son \u201cpreocupantes\u201d.<\/p>\n\n\n\n<p>\u201cActualmente, en el mundo mueren casi nueve millones de habitantes producto del material particulado, lo que es casi comparable con el COVID-19. Hoy, la contaminaci\u00f3n atmosf\u00e9rica es una pandemia\u201d, considera el doctor en ingenier\u00eda ambiental de la Universidad de Tennessee.<\/p>\n\n\n\n<p>El estudio, que hace un mapa de la evoluci\u00f3n de las PM 2.5 en las \u00faltimas dos d\u00e9cadas, arroja que Asia, Australia, Nueva Zelanda, Am\u00e9rica Latina y el Caribe han aumentado sus indicadores, y una de las zonas que presenta mayores concentraciones es el sur de Am\u00e9rica, con 15.6 \u03bcg\/m\u00b3.<\/p>\n\n\n\n<p>A juicio del experto en gesti\u00f3n de la calidad del aire y control de la contaminaci\u00f3n atmosf\u00e9rica, la situaci\u00f3n en la regi\u00f3n puede deberse a que en \u201clos pa\u00edses donde hay pobreza energ\u00e9tica se tiende a usar combustibles m\u00e1s sucios que Energ\u00edas Renovables No Convencionales\u201d.<\/p>\n\n\n\n<p>Respecto a la situaci\u00f3n en Chile, el acad\u00e9mico del mag\u00edster en medio ambiente de la Usach valora el aumento en el uso de este tipo de energ\u00edas, pero considera que \u201ca\u00fan nos falta mucho por caminar, sobre todo a nivel residencial\u201d.<\/p>\n\n\n\n<p>\u201cDe Santiago hacia el sur, se sigue usando en forma masiva la combusti\u00f3n residencial a le\u00f1a\u201d, afirma. Adem\u00e1s, se\u00f1ala que el factor del aumento poblacional tambi\u00e9n influye. \u201cEn Santiago, no hay un pol\u00edtica clara respecto a restringir los veh\u00edculos de combusti\u00f3n, como los di\u00e9sel\u201d, agrega.<\/p>\n\n\n\n<p>Con todo, D\u00edaz Robles considera que s\u00ed es posible revertir la situaci\u00f3n, a trav\u00e9s de la mitigaci\u00f3n. \u201cSe puede con inversi\u00f3n; tecnolog\u00eda; voluntad pol\u00edtica; normas de emisi\u00f3n y calidad importantes, fuertes y estrictas; y una educaci\u00f3n ambiental relevante, para que la gente tome conciencia y avancemos\u201d, concluy\u00f3.<\/p>\n","protected":false},"excerpt":{"rendered":"<p>El acad\u00e9mico de la Usach, Luis Alonso D\u00edaz Robles, se refiere al primer mapa de la evoluci\u00f3n de material particulado en el mundo, que arroja que solo un 0,001% de la poblaci\u00f3n respira aire limpio. Aunque considera que las cifras son preocupantes, estima que a\u00fan pueden mitigarse.<\/p>\n","protected":false},"author":1,"featured_media":11109,"comment_status":"closed","ping_status":"closed","sticky":false,"template":"","format":"standard","meta":{"footnotes":""},"categories":[3],"tags":[1615,1617,337,273,247,133],"class_list":["post-11108","post","type-post","status-publish","format-standard","has-post-thumbnail","hentry","category-al-dia","tag-ambientalistas","tag-contaminacion","tag-informacion","tag-noticias","tag-region-de-los-lagos","tag-semanario-local"],"_links":{"self":[{"href":"https:\/\/www.semanariolocal.cl\/index.php?rest_route=\/wp\/v2\/posts\/11108","targetHints":{"allow":["GET"]}}],"collection":[{"href":"https:\/\/www.semanariolocal.cl\/index.php?rest_route=\/wp\/v2\/posts"}],"about":[{"href":"https:\/\/www.semanariolocal.cl\/index.php?rest_route=\/wp\/v2\/types\/post"}],"author":[{"embeddable":true,"href":"https:\/\/www.semanariolocal.cl\/index.php?rest_route=\/wp\/v2\/users\/1"}],"replies":[{"embeddable":true,"href":"https:\/\/www.semanariolocal.cl\/index.php?rest_route=%2Fwp%2Fv2%2Fcomments&post=11108"}],"version-history":[{"count":1,"href":"https:\/\/www.semanariolocal.cl\/index.php?rest_route=\/wp\/v2\/posts\/11108\/revisions"}],"predecessor-version":[{"id":11110,"href":"https:\/\/www.semanariolocal.cl\/index.php?rest_route=\/wp\/v2\/posts\/11108\/revisions\/11110"}],"wp:featuredmedia":[{"embeddable":true,"href":"https:\/\/www.semanariolocal.cl\/index.php?rest_route=\/wp\/v2\/media\/11109"}],"wp:attachment":[{"href":"https:\/\/www.semanariolocal.cl\/index.php?rest_route=%2Fwp%2Fv2%2Fmedia&parent=11108"}],"wp:term":[{"taxonomy":"category","embeddable":true,"href":"https:\/\/www.semanariolocal.cl\/index.php?rest_route=%2Fwp%2Fv2%2Fcategories&post=11108"},{"taxonomy":"post_tag","embeddable":true,"href":"https:\/\/www.semanariolocal.cl\/index.php?rest_route=%2Fwp%2Fv2%2Ftags&post=11108"}],"curies":[{"name":"wp","href":"https:\/\/api.w.org\/{rel}","templated":true}]}}